{"id":876,"date":"2014-02-03T16:14:32","date_gmt":"2014-02-03T22:14:32","guid":{"rendered":"http:\/\/vadenuez.info\/wp\/?p=876"},"modified":"2014-02-03T16:16:35","modified_gmt":"2014-02-03T22:16:35","slug":"viajara-epn-a-michoacan-este-martes-para-anunciar-programa-de-rescate","status":"publish","type":"post","link":"https:\/\/vadenuez.info\/wp\/viajara-epn-a-michoacan-este-martes-para-anunciar-programa-de-rescate\/","title":{"rendered":"Viajar\u00e1 EPN a Michoac\u00e1n este martes para anunciar programa de rescate!"},"content":{"rendered":"<p style=\"text-align: left;\"><strong>El presidente Enrique Pe\u00f1a Nieto acudir\u00e1 este martes a Morelia, Michoac\u00e1n donde anunciar\u00e1 acciones del programa de rescate en esa entidad.<\/strong><\/p>\n<p style=\"text-align: left;\">\u00a0El plan que ser\u00e1 anunciado contempla medidas en materia de seguridad, entre ellas las tomadas hace algunas semanas sobre tener mayor presencia de fuerzas federales y la certificaci\u00f3n de autodefensas, as\u00ed como realizaci\u00f3n de infraestructura y apoyos sociales.<\/p>\n<p>\u00a0Cabe recordar que el mandatario federal hab\u00eda prometido viajar a esa entidad una vez al mes cuando visit\u00f3 por primera vez la misma el pasado 1 de octubre, se\u00f1ala el peri\u00f3dico Reforma.<\/p>\n<p>&nbsp;<\/p>\n<p>La visita del mandatario se confirma luego de que en el \u00faltimo mes, la Presidencia de la Rep\u00fablica hab\u00eda pospuesta la asistencia del mismo en dos ocasiones, el pasado 15 de enero y el 30 de enero.<\/p>\n<p>&nbsp;<\/p>\n<p>&nbsp;<\/p>\n<p>&nbsp;<\/p>\n<p>&nbsp;<\/p>\n<p>Con informaci\u00f3n de Reforma\/fcf Foto: Archivo<\/p>\n","protected":false},"excerpt":{"rendered":"<p>El presidente Enrique Pe\u00f1a Nieto acudir\u00e1 este martes a Morelia, Michoac\u00e1n donde anunciar\u00e1 acciones del programa de rescate en esa entidad. \u00a0El plan que ser\u00e1 anunciado contempla medidas en materia de seguridad, entre ellas las tomadas hace algunas semanas sobre tener mayor presencia de fuerzas federales y la certificaci\u00f3n de autodefensas, as\u00ed como realizaci\u00f3n de infraestructura y apoyos sociales. \u00a0Cabe recordar que el mandatario federal hab\u00eda prometido viajar a esa entidad una vez al mes cuando visit\u00f3 por primera vez la misma el pasado 1 de octubre, se\u00f1ala el peri\u00f3dico Reforma. &nbsp; La visita del mandatario se confirma luego de [&hellip;]<\/p>\n","protected":false},"author":2,"featured_media":877,"comment_status":"open","ping_status":"closed","sticky":false,"template":"","format":"standard","meta":{"footnotes":""},"categories":[12,7],"tags":[],"class_list":["post-876","post","type-post","status-publish","format-standard","has-post-thumbnail","hentry","category-destacadas","category-nacionales"],"_links":{"self":[{"href":"https:\/\/vadenuez.info\/wp\/wp-json\/wp\/v2\/posts\/876","targetHints":{"allow":["GET"]}}],"collection":[{"href":"https:\/\/vadenuez.info\/wp\/wp-json\/wp\/v2\/posts"}],"about":[{"href":"https:\/\/vadenuez.info\/wp\/wp-json\/wp\/v2\/types\/post"}],"author":[{"embeddable":true,"href":"https:\/\/vadenuez.info\/wp\/wp-json\/wp\/v2\/users\/2"}],"replies":[{"embeddable":true,"href":"https:\/\/vadenuez.info\/wp\/wp-json\/wp\/v2\/comments?post=876"}],"version-history":[{"count":0,"href":"https:\/\/vadenuez.info\/wp\/wp-json\/wp\/v2\/posts\/876\/revisions"}],"wp:featuredmedia":[{"embeddable":true,"href":"https:\/\/vadenuez.info\/wp\/wp-json\/wp\/v2\/media\/877"}],"wp:attachment":[{"href":"https:\/\/vadenuez.info\/wp\/wp-json\/wp\/v2\/media?parent=876"}],"wp:term":[{"taxonomy":"category","embeddable":true,"href":"https:\/\/vadenuez.info\/wp\/wp-json\/wp\/v2\/categories?post=876"},{"taxonomy":"post_tag","embeddable":true,"href":"https:\/\/vadenuez.info\/wp\/wp-json\/wp\/v2\/tags?post=876"}],"curies":[{"name":"wp","href":"https:\/\/api.w.org\/{rel}","templated":true}]}}