{"id":850,"date":"2014-02-01T11:44:40","date_gmt":"2014-02-01T17:44:40","guid":{"rendered":"http:\/\/vadenuez.info\/wp\/?p=850"},"modified":"2014-02-01T11:44:40","modified_gmt":"2014-02-01T17:44:40","slug":"inicia-este-sabado-segundo-periodo-de-sesiones-de-la-lxii-legislatura","status":"publish","type":"post","link":"https:\/\/vadenuez.info\/wp\/inicia-este-sabado-segundo-periodo-de-sesiones-de-la-lxii-legislatura\/","title":{"rendered":"Inicia este s\u00e1bado Segundo Periodo de Sesiones de la LXII Legislatura"},"content":{"rendered":"<p><strong>A las 11:00 horas de este s\u00e1bado oficialmente los senadores y diputados federales regresar\u00e1n a sus labores para dar comienzo con el Segundo Periodo de Sesiones Ordinarias del Segundo A\u00f1o de ejercicio de la LXII Legislatura<\/strong>.<\/p>\n<p>Cabe se\u00f1alar que se espera que solo se inaugure el periodo y la semana que entra, tanto la C\u00e1mara de Diputados como el Senado de la Rep\u00fablica inicien sus sesiones.<\/p>\n<p>Este segundo periodo de sesiones dura tres meses comenzando este 01 de febrero y terminando el 30 de abril, y se prev\u00e9 que durante el mismo se sean discutidas y aprobadas las leyes secundarias de las reformas constitucionales que fueron aprobadas durante el 2013.<a href=\"http:\/\/vadenuez.info\/wp\/wp-content\/uploads\/2014\/02\/ba_senado2.jpg\"><img loading=\"lazy\" decoding=\"async\" class=\"aligncenter size-full wp-image-851\" alt=\"ba_senado2\" src=\"http:\/\/vadenuez.info\/wp\/wp-content\/uploads\/2014\/02\/ba_senado2.jpg\" width=\"540\" height=\"360\" srcset=\"https:\/\/vadenuez.info\/wp\/wp-content\/uploads\/2014\/02\/ba_senado2.jpg 540w, https:\/\/vadenuez.info\/wp\/wp-content\/uploads\/2014\/02\/ba_senado2-300x200.jpg 300w\" sizes=\"auto, (max-width: 540px) 100vw, 540px\" \/><\/a><\/p>\n<p>Luego de la apertura del Segundo Periodo de Sesiones Ordinarias del Segundo A\u00f1o de ejercicio de la LXII Legislatura, se convocar\u00e1 a los diputados a la sesi\u00f3n de la pr\u00f3xima semana, en tanto que los legisladores de la C\u00e1mara Alta ya fueron convocados para el martes 04 de febrero a las 11:00 horas.<\/p>\n<p>&nbsp;<\/p>\n<p>Fuente: Milenio\/Foto: Archivo\/kgc<\/p>\n","protected":false},"excerpt":{"rendered":"<p>A las 11:00 horas de este s\u00e1bado oficialmente los senadores y diputados federales regresar\u00e1n a sus labores para dar comienzo con el Segundo Periodo de Sesiones Ordinarias del Segundo A\u00f1o de ejercicio de la LXII Legislatura. Cabe se\u00f1alar que se espera que solo se inaugure el periodo y la semana que entra, tanto la C\u00e1mara de Diputados como el Senado de la Rep\u00fablica inicien sus sesiones. Este segundo periodo de sesiones dura tres meses comenzando este 01 de febrero y terminando el 30 de abril, y se prev\u00e9 que durante el mismo se sean discutidas y aprobadas las leyes secundarias [&hellip;]<\/p>\n","protected":false},"author":2,"featured_media":851,"comment_status":"open","ping_status":"closed","sticky":false,"template":"","format":"standard","meta":{"footnotes":""},"categories":[12,7],"tags":[],"class_list":["post-850","post","type-post","status-publish","format-standard","has-post-thumbnail","hentry","category-destacadas","category-nacionales"],"_links":{"self":[{"href":"https:\/\/vadenuez.info\/wp\/wp-json\/wp\/v2\/posts\/850","targetHints":{"allow":["GET"]}}],"collection":[{"href":"https:\/\/vadenuez.info\/wp\/wp-json\/wp\/v2\/posts"}],"about":[{"href":"https:\/\/vadenuez.info\/wp\/wp-json\/wp\/v2\/types\/post"}],"author":[{"embeddable":true,"href":"https:\/\/vadenuez.info\/wp\/wp-json\/wp\/v2\/users\/2"}],"replies":[{"embeddable":true,"href":"https:\/\/vadenuez.info\/wp\/wp-json\/wp\/v2\/comments?post=850"}],"version-history":[{"count":0,"href":"https:\/\/vadenuez.info\/wp\/wp-json\/wp\/v2\/posts\/850\/revisions"}],"wp:featuredmedia":[{"embeddable":true,"href":"https:\/\/vadenuez.info\/wp\/wp-json\/wp\/v2\/media\/851"}],"wp:attachment":[{"href":"https:\/\/vadenuez.info\/wp\/wp-json\/wp\/v2\/media?parent=850"}],"wp:term":[{"taxonomy":"category","embeddable":true,"href":"https:\/\/vadenuez.info\/wp\/wp-json\/wp\/v2\/categories?post=850"},{"taxonomy":"post_tag","embeddable":true,"href":"https:\/\/vadenuez.info\/wp\/wp-json\/wp\/v2\/tags?post=850"}],"curies":[{"name":"wp","href":"https:\/\/api.w.org\/{rel}","templated":true}]}}