{"id":279560,"date":"2026-04-21T15:19:41","date_gmt":"2026-04-21T21:19:41","guid":{"rendered":"https:\/\/vadenuez.info\/wp\/?p=279560"},"modified":"2026-04-21T15:19:42","modified_gmt":"2026-04-21T21:19:42","slug":"colima-se-suma-a-la-clase-nacional-de-beisbol-y-softbol-diamantes-de-paz-este-domingo","status":"publish","type":"post","link":"https:\/\/vadenuez.info\/wp\/colima-se-suma-a-la-clase-nacional-de-beisbol-y-softbol-diamantes-de-paz-este-domingo\/","title":{"rendered":"Colima se suma a la clase nacional de beisbol y softbol \u2018Diamantes de Paz\u2019, este domingo"},"content":{"rendered":"\n<ul class=\"wp-block-list\">\n<li><em>Ser\u00e1 a las 9:00 am en la unidad deportiva \u2018Morelos\u2019, informa el Incode<\/em><\/li>\n<\/ul>\n\n\n\n<p>El estado de Colima se suma a la clase nacional de beisbol y softbol \u2018Diamantes de Paz\u2019, iniciativa del Gobierno de M\u00e9xico que encabeza la presidenta Claudia Sheinbaum Pardo, a trav\u00e9s de la Comisi\u00f3n Nacional de Cultura F\u00edsica y Deporte (Conade), en coordinaci\u00f3n con el Gobierno del Estado de Colima y los \u00f3rganos de cultura f\u00edsica y deporte de las entidades, con el objetivo de fomentar la activaci\u00f3n f\u00edsica, la convivencia familiar y la pr\u00e1ctica deportiva en una clase realizada simult\u00e1neamente en el pa\u00eds.<\/p>\n\n\n\n<p>En Colima, esta actividad contempla iniciar a las 9:00 horas en el diamante \u2018Francisco V\u00e1zquez \u00c1valos\u2019 de la unidad deportiva \u2018Jos\u00e9 Mar\u00eda Morelos y Pav\u00f3n\u2019 y el Instituto Colimense del Deporte (Incode) convoca a las familias colimenses y la comunidad deportiva para participar en esta experiencia pensada para promover la convivencia y la activaci\u00f3n f\u00edsica, donde a trav\u00e9s del link t.ly\/XJtr6 las y los interesados deber\u00e1n registrarse.<\/p>\n\n\n\n<p>La clase nacional incluir\u00e1 un calentamiento general previo para despu\u00e9s dar paso a la exposici\u00f3n te\u00f3rica y pr\u00e1ctica del beisbol, beisbol 5 y softbol donde se dar\u00e1 a conocer por personal del Incode los t\u00e9rminos y ejercicios b\u00e1sicos relacionadas con las tres disciplinas, como movimientos de bateo, pitcheo, fildeos y la posici\u00f3n de c\u00e1tcher, as\u00ed como clases muestras y partidos de entrenamiento.<\/p>\n\n\n\n<p>Esta actividad en el estado es organizada por el Incode como resultado de la uni\u00f3n de esfuerzos entre gobierno federal, asociaciones y federaci\u00f3n de b\u00e9isbol, la Liga Mexicana de Beisbol y los diversos \u00d3rganos de Cultura F\u00edsica y Deporte, quienes se unen para llevar esta actividad a cada rinc\u00f3n del pa\u00eds, garantizando que el deporte sea accesible para todas y todos, sin distinci\u00f3n.<\/p>\n","protected":false},"excerpt":{"rendered":"<p>El estado de Colima se suma a la clase nacional de beisbol y softbol \u2018Diamantes de Paz\u2019, iniciativa del Gobierno de M\u00e9xico que encabeza la presidenta Claudia Sheinbaum Pardo, a trav\u00e9s de la Comisi\u00f3n Nacional de Cultura F\u00edsica y Deporte (Conade), en coordinaci\u00f3n con el Gobierno del Estado de Colima y los \u00f3rganos de cultura f\u00edsica y deporte de las entidades, con el objetivo de fomentar la activaci\u00f3n f\u00edsica, la convivencia familiar y la pr\u00e1ctica deportiva en una clase realizada simult\u00e1neamente en el pa\u00eds. En Colima, esta actividad contempla iniciar a las 9:00 horas en el diamante \u2018Francisco V\u00e1zquez \u00c1valos\u2019 [&hellip;]<\/p>\n","protected":false},"author":18,"featured_media":279561,"comment_status":"closed","ping_status":"closed","sticky":false,"template":"","format":"standard","meta":{"footnotes":""},"categories":[6],"tags":[],"class_list":["post-279560","post","type-post","status-publish","format-standard","has-post-thumbnail","hentry","category-deportes"],"_links":{"self":[{"href":"https:\/\/vadenuez.info\/wp\/wp-json\/wp\/v2\/posts\/279560","targetHints":{"allow":["GET"]}}],"collection":[{"href":"https:\/\/vadenuez.info\/wp\/wp-json\/wp\/v2\/posts"}],"about":[{"href":"https:\/\/vadenuez.info\/wp\/wp-json\/wp\/v2\/types\/post"}],"author":[{"embeddable":true,"href":"https:\/\/vadenuez.info\/wp\/wp-json\/wp\/v2\/users\/18"}],"replies":[{"embeddable":true,"href":"https:\/\/vadenuez.info\/wp\/wp-json\/wp\/v2\/comments?post=279560"}],"version-history":[{"count":1,"href":"https:\/\/vadenuez.info\/wp\/wp-json\/wp\/v2\/posts\/279560\/revisions"}],"predecessor-version":[{"id":279562,"href":"https:\/\/vadenuez.info\/wp\/wp-json\/wp\/v2\/posts\/279560\/revisions\/279562"}],"wp:featuredmedia":[{"embeddable":true,"href":"https:\/\/vadenuez.info\/wp\/wp-json\/wp\/v2\/media\/279561"}],"wp:attachment":[{"href":"https:\/\/vadenuez.info\/wp\/wp-json\/wp\/v2\/media?parent=279560"}],"wp:term":[{"taxonomy":"category","embeddable":true,"href":"https:\/\/vadenuez.info\/wp\/wp-json\/wp\/v2\/categories?post=279560"},{"taxonomy":"post_tag","embeddable":true,"href":"https:\/\/vadenuez.info\/wp\/wp-json\/wp\/v2\/tags?post=279560"}],"curies":[{"name":"wp","href":"https:\/\/api.w.org\/{rel}","templated":true}]}}