{"id":279442,"date":"2026-04-16T17:49:52","date_gmt":"2026-04-16T23:49:52","guid":{"rendered":"https:\/\/vadenuez.info\/wp\/?p=279442"},"modified":"2026-04-16T17:49:53","modified_gmt":"2026-04-16T23:49:53","slug":"despide-alcalde-de-minatitlan-a-once-sindicalizados-para-basificar-a-20-familiares","status":"publish","type":"post","link":"https:\/\/vadenuez.info\/wp\/despide-alcalde-de-minatitlan-a-once-sindicalizados-para-basificar-a-20-familiares\/","title":{"rendered":"Despide alcalde de Minatitl\u00e1n a once sindicalizados para basificar a 20 familiares"},"content":{"rendered":"\n<ul class=\"wp-block-list\">\n<li><em>Se manifiesta Sindicato del Ayuntamiento de Minatitl\u00e1n para exigir respeto a sus derechos y conquistas laborales<\/em><\/li>\n\n\n\n<li><em>Est\u00e1n siendo pisoteados sus derechos (\u2026) la lucha debe seguir, aunque tarde, la justicia llega: Mart\u00edn Flores Casta\u00f1eda<\/em><\/li>\n\n\n\n<li><em>Reitera la Uni\u00f3n de Sindicatos apoyo y acompa\u00f1amiento en la lucha sindical en Minatitl\u00e1n<\/em><\/li>\n\n\n\n<li><em>Ni un paso atr\u00e1s, aseguraron trabajadores<\/em><\/li>\n<\/ul>\n\n\n\n<p>Apoyados por l\u00edderes sindicales pertenecientes a la Uni\u00f3n de Sindicatos, trabajadores del Ayuntamiento de Minatitl\u00e1n se manifestaron este jueves por la tarde al exterior de la presidencia municipal para exigir al presidente municipal, Alejandro Ciser\u00f3n Mancilla Gonz\u00e1lez, a quien acusaron de despedir injustificadamente a once trabajadores sindicalizados, para basificar a veinte familiares.<\/p>\n\n\n\n<p>Con pancartas que se\u00f1alan: \u201cAlejandro Mancilla represivo y vengativo\u201d, \u201c\u00b4Presidente no expongas al pueblo a pagar salarios vencidos\u201d, \u201cMe despidieron por no ser de su equipo pol\u00edtico\u201d, entre otros, J. Jes\u00fas Verduzco Gonz\u00e1lez, secretario general del Sindicato del Ayuntamiento de Minatitl\u00e1n exigir respeto a los derechos laborales, mismos han sido violentados.<\/p>\n\n\n\n<p>Entre ellos, explic\u00f3 que no se est\u00e1n respetando las bases vacantes por jubilaci\u00f3n, situaci\u00f3n que no permite el crecimiento laboral de los trabajadores al no poder subir de categor\u00eda en escalaf\u00f3n.<\/p>\n\n\n\n<p>Adem\u00e1s, en d\u00edas pasados se tuvo el despido injustificado de once trabajadores para basificar a 20 familiares del alcalde dentro de la administraci\u00f3n municipal.<\/p>\n\n\n\n<p>Por su parte, el secretario general de la Uni\u00f3n de Sindicatos, Irvin Isais Lepe apunt\u00f3 que al saber toda la problem\u00e1tica que enfrentan los trabajadores de Minatitl\u00e1n desde 2015, buscaron reuniones y negociaciones con el alcalde, pero no se llegaron a acuerdos, por lo que los sindicatos unidos mantendr\u00e1n su apoyo irrestricto a los movimientos y acciones que se emprendan para luchar por la defensa de los derechos de los trabajadores.<\/p>\n\n\n\n<p>Martin Flores Casta\u00f1eda, dirigente del Sindicato de Trabajadores al Servicio del Gobierno del Estado reiter\u00f3 el apoyo a los trabajadores de Minatitl\u00e1n, \u201cestamos con ustedes en esta lucha que es justa y de justicia para que se les respete sus derechos y conquistas laborales, que han sido pisoteadas y vulneradas por la autoridad municipal\u201d.<\/p>\n\n\n\n<p>\u201cEsta es una lucha desigual, porque la autoridad en ejercicio del poder ha decidido pisotear las conquistas y derecho de los trabajadores\u201d, subray\u00f3.<\/p>\n\n\n\n<p>Record\u00f3 el despido de trabajadores de base, pertenecientes al sindicato y que gracias a negociaciones se pudo hacer que recontrataran a seis de ellos, pero a quienes todav\u00eda no les reconocen la base.<\/p>\n\n\n\n<p>Lament\u00f3 que hay presi\u00f3n contra el Tribunal de Arbitraje y Escalaf\u00f3n por parte del gobierno del estado y la administraci\u00f3n municipal para que no se emita laudo o se resuelva los conflictos laborales en donde demandamos justicia y cumplimiento de la ley.<\/p>\n\n\n\n<p>\u201cPor eso es necesario alzar la voz, no est\u00e1n solos, que cuentan con la Uni\u00f3n de Sindicatos, que la soluci\u00f3n de conflictos puede tardar, que la justicia tambi\u00e9n puede tardar, pero al final siempre llega si nos mantenemos unidos y firmes\u201d, subray\u00f3.<\/p>\n\n\n\n<p>Finalmente expuso que ser\u00e1 necesario seguir realizando acciones de resistencia pac\u00edfica, pero en\u00e9rgica para que esta situaci\u00f3n se regularice y no se siga afectando a los 95 trabajadores pertenecientes al Sindicato.<\/p>\n","protected":false},"excerpt":{"rendered":"<p>Apoyados por l\u00edderes sindicales pertenecientes a la Uni\u00f3n de Sindicatos, trabajadores del Ayuntamiento de Minatitl\u00e1n se manifestaron este jueves por la tarde al exterior de la presidencia municipal para exigir al presidente municipal, Alejandro Ciser\u00f3n Mancilla Gonz\u00e1lez, a quien acusaron de despedir injustificadamente a once trabajadores sindicalizados, para basificar a veinte familiares. Con pancartas que se\u00f1alan: \u201cAlejandro Mancilla represivo y vengativo\u201d, \u201c\u00b4Presidente no expongas al pueblo a pagar salarios vencidos\u201d, \u201cMe despidieron por no ser de su equipo pol\u00edtico\u201d, entre otros, J. Jes\u00fas Verduzco Gonz\u00e1lez, secretario general del Sindicato del Ayuntamiento de Minatitl\u00e1n exigir respeto a los derechos laborales, mismos [&hellip;]<\/p>\n","protected":false},"author":18,"featured_media":279443,"comment_status":"closed","ping_status":"closed","sticky":false,"template":"","format":"standard","meta":{"footnotes":""},"categories":[632],"tags":[],"class_list":["post-279442","post","type-post","status-publish","format-standard","has-post-thumbnail","hentry","category-municipios"],"_links":{"self":[{"href":"https:\/\/vadenuez.info\/wp\/wp-json\/wp\/v2\/posts\/279442","targetHints":{"allow":["GET"]}}],"collection":[{"href":"https:\/\/vadenuez.info\/wp\/wp-json\/wp\/v2\/posts"}],"about":[{"href":"https:\/\/vadenuez.info\/wp\/wp-json\/wp\/v2\/types\/post"}],"author":[{"embeddable":true,"href":"https:\/\/vadenuez.info\/wp\/wp-json\/wp\/v2\/users\/18"}],"replies":[{"embeddable":true,"href":"https:\/\/vadenuez.info\/wp\/wp-json\/wp\/v2\/comments?post=279442"}],"version-history":[{"count":1,"href":"https:\/\/vadenuez.info\/wp\/wp-json\/wp\/v2\/posts\/279442\/revisions"}],"predecessor-version":[{"id":279444,"href":"https:\/\/vadenuez.info\/wp\/wp-json\/wp\/v2\/posts\/279442\/revisions\/279444"}],"wp:featuredmedia":[{"embeddable":true,"href":"https:\/\/vadenuez.info\/wp\/wp-json\/wp\/v2\/media\/279443"}],"wp:attachment":[{"href":"https:\/\/vadenuez.info\/wp\/wp-json\/wp\/v2\/media?parent=279442"}],"wp:term":[{"taxonomy":"category","embeddable":true,"href":"https:\/\/vadenuez.info\/wp\/wp-json\/wp\/v2\/categories?post=279442"},{"taxonomy":"post_tag","embeddable":true,"href":"https:\/\/vadenuez.info\/wp\/wp-json\/wp\/v2\/tags?post=279442"}],"curies":[{"name":"wp","href":"https:\/\/api.w.org\/{rel}","templated":true}]}}