{"id":279384,"date":"2026-04-15T14:12:18","date_gmt":"2026-04-15T20:12:18","guid":{"rendered":"https:\/\/vadenuez.info\/wp\/?p=279384"},"modified":"2026-04-15T14:12:19","modified_gmt":"2026-04-15T20:12:19","slug":"indira-vizcaino-y-titular-de-sedatu-entregaron-escrituras-de-viviendas-para-el-bienestar-a-26-familias-en-villa-de-alvarez","status":"publish","type":"post","link":"https:\/\/vadenuez.info\/wp\/indira-vizcaino-y-titular-de-sedatu-entregaron-escrituras-de-viviendas-para-el-bienestar-a-26-familias-en-villa-de-alvarez\/","title":{"rendered":"Indira Vizca\u00edno y titular de Sedatu entregaron escrituras de Viviendas para el Bienestar a 26 familias en Villa de \u00c1lvarez"},"content":{"rendered":"\n<ul class=\"wp-block-list\">\n<li><em>Gobernadora de Colima destaca que se construir\u00e1n cerca de 20 mil casas, que superan las 5 mil que se programaron al inicio<\/em><\/li>\n<\/ul>\n\n\n\n<p>La gobernadora de Colima, Indira Vizca\u00edno Silva, y la secretaria de Desarrollo Agrario, Territorial y Urbano (Sedatu) del Gobierno de M\u00e9xico, Edna Elena Vega Rangel, en representaci\u00f3n de la presidenta Claudia Sheinbaum Pardo, entregaron este mi\u00e9rcoles escrituras del programa Viviendas para el Bienestar a 26 familias en el desarrollo \u2018Infonavit Rinconada\u2019 en Villa de \u00c1lvarez; la mandataria colimense destac\u00f3 que se proyecta construir alrededor de 20 mil casas, muchas m\u00e1s de las 5 mil que se hab\u00edan programado en un principio.<\/p>\n\n\n\n<p>\u00abEs reflejo de lo que las y los colimenses vemos de la presidenta Claudia Sheinbaum: un gobierno que ha puesto prioridad a las necesidades de Colima. Por mucho tiempo las decisiones se tomaban casi siempre en funci\u00f3n de cu\u00e1l es la rentabilidad pol\u00edtica\u00bb, expres\u00f3 Indira Vizca\u00edno, quien a\u00f1adi\u00f3 que ahora desde la visi\u00f3n de la Cuarta Transformaci\u00f3n se ve a todas las personas con los mismos derechos, por lo que las determinaciones que se toman, reflejan una inversi\u00f3n extraordinaria en temas que son importantes para las y los colimenses.<\/p>\n\n\n\n<p>La titular de Sedatu se\u00f1al\u00f3 que durante este sexenio se construir\u00e1n un mill\u00f3n 800 mil casas y de esa cantidad un mill\u00f3n 200 mil las har\u00e1 el Instituto del Fondo Nacional de la Vivienda para los Trabajadores (Infonavit), 500 mil la Comisi\u00f3n Nacional de Vivienda (Conavi) y 100 mil el Fondo de la Vivienda del Instituto de Seguridad y Servicios Sociales de los Trabajadores del Estado (Fovissste).<\/p>\n\n\n\n<p>\u00abAunque seguramente la meta se ir\u00e1 ajustando para arriba porque vamos muy bien\u00bb, expuso Edna Vega, quien agreg\u00f3 que en Colima ser\u00e1n casi 20 mil viviendas (6 mil las construir\u00e1 Conavi y 13 mil Infonavit, y se tiene 12 proyectos avanzados, lo que significa la construcci\u00f3n de m\u00e1s de 3 mil viviendas entre las dos instituciones); significa que se tiene 20% de avance de la meta total.<\/p>\n\n\n\n<p>Octavio Romero Oropeza, director general de Infonavit, agradeci\u00f3 a la gobernadora Indira Vizca\u00edno y a la presidenta municipal de Villa de \u00c1lvarez, Esther Guti\u00e9rrez Andrade, por la voluntad que han mostrado y la coordinaci\u00f3n que se ha dado entre los tres niveles de gobierno para que este proyecto se lleve a cabo. Agreg\u00f3 que en este desarrollo todas las semanas les entregan viviendas terminadas y habitables, adem\u00e1s se\u00f1al\u00f3 que se tienen avances importantes en la construcci\u00f3n de viviendas de este programa en Coquimatl\u00e1n, Manzanillo, Tecom\u00e1n y Colima.<\/p>\n\n\n\n<p>Ana Mar\u00eda Gonz\u00e1lez Rodr\u00edguez, una de las beneficiarias, expres\u00f3 que gracias a la presidenta Claudia Sheinbaum que impuls\u00f3 el programa Viviendas para el Bienestar, ahora es digna de tener su propio hogar, por lo que se mostr\u00f3 muy agradecida e invit\u00f3 a sus familiares y conocidos a ser parte de este beneficio; \u00abest\u00e1 muy bien, es un proceso s\u00faper r\u00e1pido, no te piden muchos requisitos, la verdad las casas est\u00e1n muy bonitas y amplias\u00bb.<\/p>\n","protected":false},"excerpt":{"rendered":"<p>La gobernadora de Colima, Indira Vizca\u00edno Silva, y la secretaria de Desarrollo Agrario, Territorial y Urbano (Sedatu) del Gobierno de M\u00e9xico, Edna Elena Vega Rangel, en representaci\u00f3n de la presidenta Claudia Sheinbaum Pardo, entregaron este mi\u00e9rcoles escrituras del programa Viviendas para el Bienestar a 26 familias en el desarrollo \u2018Infonavit Rinconada\u2019 en Villa de \u00c1lvarez; la mandataria colimense destac\u00f3 que se proyecta construir alrededor de 20 mil casas, muchas m\u00e1s de las 5 mil que se hab\u00edan programado en un principio. \u00abEs reflejo de lo que las y los colimenses vemos de la presidenta Claudia Sheinbaum: un gobierno que ha [&hellip;]<\/p>\n","protected":false},"author":18,"featured_media":279385,"comment_status":"closed","ping_status":"closed","sticky":false,"template":"","format":"standard","meta":{"footnotes":""},"categories":[632],"tags":[],"class_list":["post-279384","post","type-post","status-publish","format-standard","has-post-thumbnail","hentry","category-municipios"],"_links":{"self":[{"href":"https:\/\/vadenuez.info\/wp\/wp-json\/wp\/v2\/posts\/279384","targetHints":{"allow":["GET"]}}],"collection":[{"href":"https:\/\/vadenuez.info\/wp\/wp-json\/wp\/v2\/posts"}],"about":[{"href":"https:\/\/vadenuez.info\/wp\/wp-json\/wp\/v2\/types\/post"}],"author":[{"embeddable":true,"href":"https:\/\/vadenuez.info\/wp\/wp-json\/wp\/v2\/users\/18"}],"replies":[{"embeddable":true,"href":"https:\/\/vadenuez.info\/wp\/wp-json\/wp\/v2\/comments?post=279384"}],"version-history":[{"count":1,"href":"https:\/\/vadenuez.info\/wp\/wp-json\/wp\/v2\/posts\/279384\/revisions"}],"predecessor-version":[{"id":279386,"href":"https:\/\/vadenuez.info\/wp\/wp-json\/wp\/v2\/posts\/279384\/revisions\/279386"}],"wp:featuredmedia":[{"embeddable":true,"href":"https:\/\/vadenuez.info\/wp\/wp-json\/wp\/v2\/media\/279385"}],"wp:attachment":[{"href":"https:\/\/vadenuez.info\/wp\/wp-json\/wp\/v2\/media?parent=279384"}],"wp:term":[{"taxonomy":"category","embeddable":true,"href":"https:\/\/vadenuez.info\/wp\/wp-json\/wp\/v2\/categories?post=279384"},{"taxonomy":"post_tag","embeddable":true,"href":"https:\/\/vadenuez.info\/wp\/wp-json\/wp\/v2\/tags?post=279384"}],"curies":[{"name":"wp","href":"https:\/\/api.w.org\/{rel}","templated":true}]}}