{"id":279307,"date":"2026-04-13T16:19:12","date_gmt":"2026-04-13T22:19:12","guid":{"rendered":"https:\/\/vadenuez.info\/wp\/?p=279307"},"modified":"2026-04-13T16:19:13","modified_gmt":"2026-04-13T22:19:13","slug":"fge-obtiene-vinculacion-a-proceso-contra-un-hombre-por-su-probable-participacion-en-corrupcion-de-menores","status":"publish","type":"post","link":"https:\/\/vadenuez.info\/wp\/fge-obtiene-vinculacion-a-proceso-contra-un-hombre-por-su-probable-participacion-en-corrupcion-de-menores\/","title":{"rendered":"FGE obtiene vinculaci\u00f3n a proceso contra un hombre por su probable participaci\u00f3n en corrupci\u00f3n de menores"},"content":{"rendered":"\n<ul class=\"wp-block-list\">\n<li><em>Hechos ocurridos en el municipio de Colima<\/em><\/li>\n<\/ul>\n\n\n\n<p>La Fiscal\u00eda General del Estado de Colima, a trav\u00e9s de la Fiscal\u00eda Especializada en Delitos por Razones de G\u00e9nero y Trata de Personas, obtuvo de la autoridad judicial la vinculaci\u00f3n a proceso de un hombre por su probable participaci\u00f3n en el hecho que la ley se\u00f1ala como delito de corrupci\u00f3n de menores, en hechos ocurridos en el municipio de Colima.<\/p>\n\n\n\n<p>De acuerdo con los datos de prueba presentados por el Ministerio P\u00fablico, el imputado, identificado como Heriberto \u201cN\u201d, quien se desempe\u00f1aba como prefecto en la Escuela Secundaria N\u00famero 1 \u201cFrancisco Hern\u00e1ndez Espinoza\u201d, presuntamente indujo a dos adolescentes de 14 a\u00f1os de edad al consumo de sustancias t\u00f3xicas, al ofrecerles facilitar la adquisici\u00f3n de vapeadores y dispositivos conocidos como plumas de \u201cwax\u201d, adem\u00e1s de proporcionarles el contacto de una persona para la compra de dichos productos.<\/p>\n\n\n\n<p>Derivado de esta situaci\u00f3n, uno de los adolescentes habr\u00eda contactado a dicha persona a trav\u00e9s de la aplicaci\u00f3n de mensajer\u00eda WhatsApp para adquirir vapeadores, mismos que posteriormente fueron detectados por autoridades del plantel educativo.<\/p>\n\n\n\n<p>Durante el desarrollo de la audiencia inicial, el \u00f3rgano jurisdiccional determin\u00f3 vincularlo a proceso, imponiendo las medidas cautelares correspondientes, y estableciendo un plazo de tres meses para la investigaci\u00f3n complementaria.<\/p>\n\n\n\n<p>La Fiscal\u00eda General del Estado reitera su compromiso de continuar con las investigaciones correspondientes y de actuar con firmeza ante cualquier conducta que vulnere la integridad y el sano desarrollo de ni\u00f1as, ni\u00f1os y adolescentes. Asimismo, refrenda su compromiso de procurar justicia y proteger los derechos de las v\u00edctimas.<\/p>\n","protected":false},"excerpt":{"rendered":"<p>La Fiscal\u00eda General del Estado de Colima, a trav\u00e9s de la Fiscal\u00eda Especializada en Delitos por Razones de G\u00e9nero y Trata de Personas, obtuvo de la autoridad judicial la vinculaci\u00f3n a proceso de un hombre por su probable participaci\u00f3n en el hecho que la ley se\u00f1ala como delito de corrupci\u00f3n de menores, en hechos ocurridos en el municipio de Colima. De acuerdo con los datos de prueba presentados por el Ministerio P\u00fablico, el imputado, identificado como Heriberto \u201cN\u201d, quien se desempe\u00f1aba como prefecto en la Escuela Secundaria N\u00famero 1 \u201cFrancisco Hern\u00e1ndez Espinoza\u201d, presuntamente indujo a dos adolescentes de 14 a\u00f1os [&hellip;]<\/p>\n","protected":false},"author":2,"featured_media":279308,"comment_status":"closed","ping_status":"closed","sticky":false,"template":"","format":"standard","meta":{"footnotes":""},"categories":[1],"tags":[],"class_list":["post-279307","post","type-post","status-publish","format-standard","has-post-thumbnail","hentry","category-sucesos"],"_links":{"self":[{"href":"https:\/\/vadenuez.info\/wp\/wp-json\/wp\/v2\/posts\/279307","targetHints":{"allow":["GET"]}}],"collection":[{"href":"https:\/\/vadenuez.info\/wp\/wp-json\/wp\/v2\/posts"}],"about":[{"href":"https:\/\/vadenuez.info\/wp\/wp-json\/wp\/v2\/types\/post"}],"author":[{"embeddable":true,"href":"https:\/\/vadenuez.info\/wp\/wp-json\/wp\/v2\/users\/2"}],"replies":[{"embeddable":true,"href":"https:\/\/vadenuez.info\/wp\/wp-json\/wp\/v2\/comments?post=279307"}],"version-history":[{"count":1,"href":"https:\/\/vadenuez.info\/wp\/wp-json\/wp\/v2\/posts\/279307\/revisions"}],"predecessor-version":[{"id":279309,"href":"https:\/\/vadenuez.info\/wp\/wp-json\/wp\/v2\/posts\/279307\/revisions\/279309"}],"wp:featuredmedia":[{"embeddable":true,"href":"https:\/\/vadenuez.info\/wp\/wp-json\/wp\/v2\/media\/279308"}],"wp:attachment":[{"href":"https:\/\/vadenuez.info\/wp\/wp-json\/wp\/v2\/media?parent=279307"}],"wp:term":[{"taxonomy":"category","embeddable":true,"href":"https:\/\/vadenuez.info\/wp\/wp-json\/wp\/v2\/categories?post=279307"},{"taxonomy":"post_tag","embeddable":true,"href":"https:\/\/vadenuez.info\/wp\/wp-json\/wp\/v2\/tags?post=279307"}],"curies":[{"name":"wp","href":"https:\/\/api.w.org\/{rel}","templated":true}]}}