{"id":279239,"date":"2026-04-10T16:42:51","date_gmt":"2026-04-10T22:42:51","guid":{"rendered":"https:\/\/vadenuez.info\/wp\/?p=279239"},"modified":"2026-04-10T16:42:52","modified_gmt":"2026-04-10T22:42:52","slug":"con-huellas-de-violencia-son-localizados-dos-cuerpos-semienterrados-en-santa-rita-en-manzanillo","status":"publish","type":"post","link":"https:\/\/vadenuez.info\/wp\/con-huellas-de-violencia-son-localizados-dos-cuerpos-semienterrados-en-santa-rita-en-manzanillo\/","title":{"rendered":"Con huellas de violencia son localizados dos cuerpos semienterrados en Santa Rita, en Manzanillo"},"content":{"rendered":"\n<p>Dos cuerpos fueron encontrados, la tarde de este viernes, en una brecha en la localidad de Santa Rita, en el municipio de Manzanillo.<\/p>\n\n\n\n<p>Los cad\u00e1veres presentan visibles huellas de violencia.<\/p>\n\n\n\n<p>Elementos de las diversas corporaciones de seguridad acudieron al lugar para su resguardo, mientras personal de la FGE realiz\u00f3 el levantamiento de evidencias y traslad\u00f3 los cuerpos al SEMEFO para lo tr\u00e1mites legales correspondientes.<\/p>\n","protected":false},"excerpt":{"rendered":"<p>Dos cuerpos fueron encontrados, la tarde de este viernes, en una brecha en la localidad de Santa Rita, en el municipio de Manzanillo. Los cad\u00e1veres presentan visibles huellas de violencia. Elementos de las diversas corporaciones de seguridad acudieron al lugar para su resguardo, mientras personal de la FGE realiz\u00f3 el levantamiento de evidencias y traslad\u00f3 los cuerpos al SEMEFO para lo tr\u00e1mites legales correspondientes.<\/p>\n","protected":false},"author":18,"featured_media":279240,"comment_status":"closed","ping_status":"closed","sticky":false,"template":"","format":"standard","meta":{"footnotes":""},"categories":[1],"tags":[],"class_list":["post-279239","post","type-post","status-publish","format-standard","has-post-thumbnail","hentry","category-sucesos"],"_links":{"self":[{"href":"https:\/\/vadenuez.info\/wp\/wp-json\/wp\/v2\/posts\/279239","targetHints":{"allow":["GET"]}}],"collection":[{"href":"https:\/\/vadenuez.info\/wp\/wp-json\/wp\/v2\/posts"}],"about":[{"href":"https:\/\/vadenuez.info\/wp\/wp-json\/wp\/v2\/types\/post"}],"author":[{"embeddable":true,"href":"https:\/\/vadenuez.info\/wp\/wp-json\/wp\/v2\/users\/18"}],"replies":[{"embeddable":true,"href":"https:\/\/vadenuez.info\/wp\/wp-json\/wp\/v2\/comments?post=279239"}],"version-history":[{"count":1,"href":"https:\/\/vadenuez.info\/wp\/wp-json\/wp\/v2\/posts\/279239\/revisions"}],"predecessor-version":[{"id":279241,"href":"https:\/\/vadenuez.info\/wp\/wp-json\/wp\/v2\/posts\/279239\/revisions\/279241"}],"wp:featuredmedia":[{"embeddable":true,"href":"https:\/\/vadenuez.info\/wp\/wp-json\/wp\/v2\/media\/279240"}],"wp:attachment":[{"href":"https:\/\/vadenuez.info\/wp\/wp-json\/wp\/v2\/media?parent=279239"}],"wp:term":[{"taxonomy":"category","embeddable":true,"href":"https:\/\/vadenuez.info\/wp\/wp-json\/wp\/v2\/categories?post=279239"},{"taxonomy":"post_tag","embeddable":true,"href":"https:\/\/vadenuez.info\/wp\/wp-json\/wp\/v2\/tags?post=279239"}],"curies":[{"name":"wp","href":"https:\/\/api.w.org\/{rel}","templated":true}]}}