{"id":279190,"date":"2026-04-09T16:06:37","date_gmt":"2026-04-09T22:06:37","guid":{"rendered":"https:\/\/vadenuez.info\/wp\/?p=279190"},"modified":"2026-04-09T16:06:38","modified_gmt":"2026-04-09T22:06:38","slug":"aprueba-congreso-de-colima-reformas-para-fortalecer-a-la-secretaria-de-seguridad-publica-del-estado","status":"publish","type":"post","link":"https:\/\/vadenuez.info\/wp\/aprueba-congreso-de-colima-reformas-para-fortalecer-a-la-secretaria-de-seguridad-publica-del-estado\/","title":{"rendered":"Aprueba Congreso de Colima reformas para fortalecer a la Secretar\u00eda de Seguridad P\u00fablica del Estado"},"content":{"rendered":"\n<p>Diputadas y diputados integrantes de las LXI Legislatura del Congreso del Estado de Colima, aprobaron reformar, adicionar y derogar diversas disposiciones de la Ley Org\u00e1nica del Poder Ejecutivo y de la Administraci\u00f3n P\u00fablica del Estado de Colima, y a la Ley del Sistema de Seguridad P\u00fablica para el Estado de Colima.<\/p>\n\n\n\n<p>Los cambios consisten, en primer t\u00e9rmino, en adecuar el nombre de la Secretar\u00eda de Seguridad P\u00fablica del Estado de Colima al de Secretar\u00eda de Seguridad y Protecci\u00f3n Ciudadana del Estado de Colima. Esto deriva del Decreto 222, de fecha 17 de diciembre de 2025, mediante el cual se aprob\u00f3 dicha denominaci\u00f3n.<\/p>\n\n\n\n<p>Por otra parte, la reforma avalada establece que ser\u00e1 la Secretar\u00eda de Seguridad y Protecci\u00f3n Ciudadana quien tendr\u00e1 la atribuci\u00f3n de la coordinaci\u00f3n y orientaci\u00f3n de las actividades del Centro de Evaluaci\u00f3n y Control de Confianza (C3) y del Centro de Coordinaci\u00f3n, Control, Comando, Comunicaci\u00f3n, Computo e Inteligencia del Estado (C5i); por lo que dejan de estar sectorizados a la Secretar\u00eda General de Gobierno.<\/p>\n\n\n\n<p>En el mismo sentido, el Secretariado Ejecutivo como pieza operativa, ser\u00e1 un \u00f3rgano desconcentrado de la Secretar\u00eda de Seguridad P\u00fablica y Protecci\u00f3n Ciudadana, a efecto de que se concentre en una sola autoridad especializada las funciones de planeaci\u00f3n, coordinaci\u00f3n, seguimiento y evaluaci\u00f3n de las pol\u00edticas, programas y acciones en la materia, lo que es congruente con la naturaleza operativa de sus atribuciones.<\/p>\n\n\n\n<p>El dictamen elaborado por las Comisiones de Justicia, Gobernaci\u00f3n y Poderes, Estudios Legislativos y Puntos Constitucionales, y de Seguridad P\u00fablica y Protecci\u00f3n Civil, explica que con dicha reasignaci\u00f3n la Secretar\u00eda de Seguridad y Protecci\u00f3n Ciudadana habr\u00e1 de tomar decisiones de manera m\u00e1s r\u00e1pida y eficiente en materia de seguridad p\u00fablica, ya que dichos centros realizan actividades de coordinaci\u00f3n y supervisi\u00f3n operativa en tiempo real de las actividades de prevenci\u00f3n, vigilancia y atenci\u00f3n de emergencias, coordinando la captaci\u00f3n de informaci\u00f3n integral y de combate a la delincuencia.<\/p>\n\n\n\n<p>En los transitorios del decreto, se indica que dentro del plazo de 90 d\u00edas naturales siguientes a su entrada en vigor, el Poder Ejecutivo llevar\u00e1 a cabo la armonizaci\u00f3n de los reglamentos interiores de las dependencias y entidades de la Administraci\u00f3n P\u00fablica, que con motivo de las presentes reformas.<\/p>\n\n\n\n<p>Tambi\u00e9n, todas las referencias que hagan menci\u00f3n a la Secretar\u00eda de Seguridad P\u00fablica del Estado de Colima, en las leyes y dem\u00e1s disposiciones vigentes, se entender\u00e1n realizadas a la Secretar\u00eda de Seguridad y Protecci\u00f3n Ciudadana del Estado de Colima.<\/p>\n\n\n\n<p>Y, se instruye a las autoridades competentes para que, en el \u00e1mbito de sus atribuciones, realicen las adecuaciones presupuestarias y administrativas necesarias, a efecto de transferir los recursos humanos, materiales y financieros a la Secretar\u00eda de Seguridad y Protecci\u00f3n Ciudadana, garantizando el cumplimiento del presente Decreto.<\/p>\n","protected":false},"excerpt":{"rendered":"<p>Diputadas y diputados integrantes de las LXI Legislatura del Congreso del Estado de Colima, aprobaron reformar, adicionar y derogar diversas disposiciones de la Ley Org\u00e1nica del Poder Ejecutivo y de la Administraci\u00f3n P\u00fablica del Estado de Colima, y a la Ley del Sistema de Seguridad P\u00fablica para el Estado de Colima. Los cambios consisten, en primer t\u00e9rmino, en adecuar el nombre de la Secretar\u00eda de Seguridad P\u00fablica del Estado de Colima al de Secretar\u00eda de Seguridad y Protecci\u00f3n Ciudadana del Estado de Colima. Esto deriva del Decreto 222, de fecha 17 de diciembre de 2025, mediante el cual se aprob\u00f3 [&hellip;]<\/p>\n","protected":false},"author":2,"featured_media":279191,"comment_status":"closed","ping_status":"closed","sticky":false,"template":"","format":"standard","meta":{"footnotes":""},"categories":[3],"tags":[],"class_list":["post-279190","post","type-post","status-publish","format-standard","has-post-thumbnail","hentry","category-colima"],"_links":{"self":[{"href":"https:\/\/vadenuez.info\/wp\/wp-json\/wp\/v2\/posts\/279190","targetHints":{"allow":["GET"]}}],"collection":[{"href":"https:\/\/vadenuez.info\/wp\/wp-json\/wp\/v2\/posts"}],"about":[{"href":"https:\/\/vadenuez.info\/wp\/wp-json\/wp\/v2\/types\/post"}],"author":[{"embeddable":true,"href":"https:\/\/vadenuez.info\/wp\/wp-json\/wp\/v2\/users\/2"}],"replies":[{"embeddable":true,"href":"https:\/\/vadenuez.info\/wp\/wp-json\/wp\/v2\/comments?post=279190"}],"version-history":[{"count":1,"href":"https:\/\/vadenuez.info\/wp\/wp-json\/wp\/v2\/posts\/279190\/revisions"}],"predecessor-version":[{"id":279192,"href":"https:\/\/vadenuez.info\/wp\/wp-json\/wp\/v2\/posts\/279190\/revisions\/279192"}],"wp:featuredmedia":[{"embeddable":true,"href":"https:\/\/vadenuez.info\/wp\/wp-json\/wp\/v2\/media\/279191"}],"wp:attachment":[{"href":"https:\/\/vadenuez.info\/wp\/wp-json\/wp\/v2\/media?parent=279190"}],"wp:term":[{"taxonomy":"category","embeddable":true,"href":"https:\/\/vadenuez.info\/wp\/wp-json\/wp\/v2\/categories?post=279190"},{"taxonomy":"post_tag","embeddable":true,"href":"https:\/\/vadenuez.info\/wp\/wp-json\/wp\/v2\/tags?post=279190"}],"curies":[{"name":"wp","href":"https:\/\/api.w.org\/{rel}","templated":true}]}}