{"id":278958,"date":"2026-03-27T12:17:44","date_gmt":"2026-03-27T18:17:44","guid":{"rendered":"https:\/\/vadenuez.info\/wp\/?p=278958"},"modified":"2026-03-27T16:11:41","modified_gmt":"2026-03-27T22:11:41","slug":"indira-vizcaino-y-autoridades-dan-banderazo-al-operativo-de-semana-santa","status":"publish","type":"post","link":"https:\/\/vadenuez.info\/wp\/indira-vizcaino-y-autoridades-dan-banderazo-al-operativo-de-semana-santa\/","title":{"rendered":"Indira Vizca\u00edno y autoridades dan banderazo al Operativo de Semana Santa"},"content":{"rendered":"\n<ul class=\"wp-block-list\">\n<li><em>En todo el estado de Colima se esperan casi 91 mil turistas, derrama econ\u00f3mica superior a 330 mdp y 60% de ocupaci\u00f3n hotelera<\/em><\/li>\n<\/ul>\n\n\n\n<p>La ma\u00f1ana de este viernes, la gobernadora de Colima, Indira Vizca\u00edno Silva, acompa\u00f1ada por diversas autoridades federales, estatales y municipales, encabez\u00f3 en Manzanillo la presentaci\u00f3n y el banderazo de salida al Operativo Vacacional Semana Santa y Pascua 2026, donde agradeci\u00f3 la disposici\u00f3n de todas las instituciones involucradas en este trabajo coordinado.<\/p>\n\n\n\n<p>\u201cUno de los principales retos que tenemos en esta temporada vacacional, evidentemente es ese, que tengamos m\u00e1s visitantes, brindarles la tranquilidad y la seguridad que requieren para que sean unas vacaciones memorables (\u2026) y que logremos, como hemos hecho en a\u00f1os anteriores, este trabajo conjunto\u201d, expres\u00f3 la mandataria estatal.<\/p>\n\n\n\n<p>Destac\u00f3 que adem\u00e1s solicitar a la Guardia Nacional el reforzamiento de su presencia en carreteras, se acord\u00f3 tener un di\u00e1logo con la empresa que realiza la ampliaci\u00f3n de la autopista Colima-Manzanillo para hacer una ventana que permita pausar parte de las obras, sobre todo en los d\u00edas de mayor afluencia, para garantizar un flujo vehicular m\u00e1s fluido.<\/p>\n\n\n\n<p>\u201cAportando cada quien un poco de las diferentes \u00e1reas que integran y representan, estoy convencida de que vamos a tener un periodo vacacional que sea exitosos para las autoridades, para los resultados como estado y que sea memorables para quienes nos visitan en nuestros diferentes destinos tur\u00edsticos\u201d, concluy\u00f3 Indira Vizca\u00edno.<\/p>\n\n\n\n<p>DESPLIEGUE DE ELEMENTOS DE SEGURIDAD<\/p>\n\n\n\n<p>El secretario de Seguridad P\u00fablica, Teniente Fabi\u00e1n Ricardo G\u00f3mez Calc\u00e1neo, detall\u00f3 que la Polic\u00eda Estatal desplegar\u00e1 223 elementos y 49 veh\u00edculos en los diez municipios, con \u00e9nfasis en puntos tur\u00edsticos; desplegar\u00e1n 546 elementos de las polic\u00edas municipales en 138 veh\u00edculos: en Manzanillo ser\u00e1n 105 elementos y 32 veh\u00edculos, Comala 40 elementos y trece veh\u00edculos, Colima 139 elementos y 17 veh\u00edculos; Villa de \u00c1lvarez 56 elementos y catorce veh\u00edculos y en Cuauht\u00e9moc 18 elementos y nueve veh\u00edculos, adem\u00e1s de los dem\u00e1s municipios.<\/p>\n\n\n\n<p>Agreg\u00f3 que la Secretar\u00eda de Marina Armada de M\u00e9xico desplegar\u00e1 1,570 elementos por mar, aire y tierra con 76 veh\u00edculos, tres ambulancias, buques de supervivencia, embarcaciones para rescate de personas en la mar y unidades de vigilancia a\u00e9rea y la Secretar\u00eda de la Defensa Nacional, a trav\u00e9s del 88 Batall\u00f3n de Infanter\u00eda, contar\u00e1 con elementos del Ej\u00e9rcito Mexicano en Manzanillo, Armer\u00eda y Tecom\u00e1n.<\/p>\n\n\n\n<p><br>Por su parte, la Guardia Nacional desplegar\u00e1 189 efectivos, entre los que se encuentran elementos de proximidad social y seguridad en \u00e1reas vacacionales, adem\u00e1s de 42 patrullas en carreteras y 20 fuerzas de seguridad m\u00f3viles en difierentes puntos del estado. As\u00ed mismo instalar\u00e1 puestos de atenci\u00f3n ciudadana en la caseta de San Marcos y en la caseta de Cuyutl\u00e1n, adem\u00e1s de seguridad en los aeropuertos de la entidad.<\/p>\n\n\n\n<p>Jorge Padilla Castillo, subsecretario de Turismo, inform\u00f3 que en esta temporada vacacional en todo el estado se espera la llegada de cerca de 91 mil personas, una derrama econ\u00f3mica superior a 330 millones de pesos y 60% de ocupaci\u00f3n hotelera; mientras que en Manzanillo se espera la llegada de 64 mil 400 turistas, una derrama de 277 millones y ocupaci\u00f3n promedio del 70%.<\/p>\n\n\n\n<p>Dijo que se dise\u00f1\u00f3 una gu\u00eda que para los elementos de proximidad ciudadana que estar\u00e1n en los puntos de acceso y salida del estado y dem\u00e1s autoridades puedan dar orientaci\u00f3n amable, certera a turistas para visitar los distintos puntos tur\u00edsticos; adem\u00e1s de que ya se cuenta con el n\u00famero de Atenci\u00f3n Directa a Turistas, que es el 314-161-6615.<\/p>\n\n\n\n<p>ATENCI\u00d3N DE PERSONAL OPERATIVO DE PC<\/p>\n\n\n\n<p>El director general de la Unidad Estatal de Protecci\u00f3n Civil (UEPC), \u00c9rick Gonz\u00e1lez S\u00e1nchez, mencion\u00f3 que adem\u00e1s de reforzar la presencia en playas de Armer\u00eda, Manzanillo y Tecom\u00e1n, se har\u00e1 tambi\u00e9n en los parques Metropolitano de Tecom\u00e1n y Regional \u2018Griselda \u00c1lvarez\u2019 en Colima; en coordinaci\u00f3n con la Guardia Nacional colocar\u00e1n cuatro puntos carreteros: Caseta Fitosanitaria en Cuauht\u00e9moc; base de PC en Los Asmoles; base de la GN en Tecom\u00e1n y Caseta de Cuyutl\u00e1n.<\/p>\n\n\n\n<p>\u201cVamos a tener m\u00e1s de 249 oficiales operativos, entre los que se encuentran bomberos, param\u00e9dicos, oficiales de protecci\u00f3n civil (\u2026), m\u00e1s de 95 guardavidas (\u2026) y 110 veh\u00edculos, que incluyen ambulancias, camiones de rescate, veh\u00edculos motobomba, cisternas, pick-ups, cuatrimotos y veh\u00edculos todo terreno para recorridos en playas\u201d, indic\u00f3 el titular de la UEPC.<\/p>\n\n\n\n<p>La presidenta municipal de Manzanillo, Rosa Mar\u00eda Bayardo Cabrera, destac\u00f3 que tanto para su municipio como para el resto del estado este periodo vacacional es de las temporadas m\u00e1s importantes del a\u00f1o y se quiere garantizar que la gente disfrute y se divierta; \u201cpero tambi\u00e9n tienen en su mente regresar a casa de manera segura y en eso es en lo nos estamos coordinando todas las autoridades\u201d.<\/p>\n","protected":false},"excerpt":{"rendered":"<p>La ma\u00f1ana de este viernes, la gobernadora de Colima, Indira Vizca\u00edno Silva, acompa\u00f1ada por diversas autoridades federales, estatales y municipales, encabez\u00f3 en Manzanillo la presentaci\u00f3n y el banderazo de salida al Operativo Vacacional Semana Santa y Pascua 2026, donde agradeci\u00f3 la disposici\u00f3n de todas las instituciones involucradas en este trabajo coordinado. \u201cUno de los principales retos que tenemos en esta temporada vacacional, evidentemente es ese, que tengamos m\u00e1s visitantes, brindarles la tranquilidad y la seguridad que requieren para que sean unas vacaciones memorables (\u2026) y que logremos, como hemos hecho en a\u00f1os anteriores, este trabajo conjunto\u201d, expres\u00f3 la mandataria estatal. [&hellip;]<\/p>\n","protected":false},"author":2,"featured_media":278959,"comment_status":"closed","ping_status":"closed","sticky":false,"template":"","format":"standard","meta":{"footnotes":""},"categories":[12,2],"tags":[],"class_list":["post-278958","post","type-post","status-publish","format-standard","has-post-thumbnail","hentry","category-destacadas","category-locales"],"_links":{"self":[{"href":"https:\/\/vadenuez.info\/wp\/wp-json\/wp\/v2\/posts\/278958","targetHints":{"allow":["GET"]}}],"collection":[{"href":"https:\/\/vadenuez.info\/wp\/wp-json\/wp\/v2\/posts"}],"about":[{"href":"https:\/\/vadenuez.info\/wp\/wp-json\/wp\/v2\/types\/post"}],"author":[{"embeddable":true,"href":"https:\/\/vadenuez.info\/wp\/wp-json\/wp\/v2\/users\/2"}],"replies":[{"embeddable":true,"href":"https:\/\/vadenuez.info\/wp\/wp-json\/wp\/v2\/comments?post=278958"}],"version-history":[{"count":2,"href":"https:\/\/vadenuez.info\/wp\/wp-json\/wp\/v2\/posts\/278958\/revisions"}],"predecessor-version":[{"id":278994,"href":"https:\/\/vadenuez.info\/wp\/wp-json\/wp\/v2\/posts\/278958\/revisions\/278994"}],"wp:featuredmedia":[{"embeddable":true,"href":"https:\/\/vadenuez.info\/wp\/wp-json\/wp\/v2\/media\/278959"}],"wp:attachment":[{"href":"https:\/\/vadenuez.info\/wp\/wp-json\/wp\/v2\/media?parent=278958"}],"wp:term":[{"taxonomy":"category","embeddable":true,"href":"https:\/\/vadenuez.info\/wp\/wp-json\/wp\/v2\/categories?post=278958"},{"taxonomy":"post_tag","embeddable":true,"href":"https:\/\/vadenuez.info\/wp\/wp-json\/wp\/v2\/tags?post=278958"}],"curies":[{"name":"wp","href":"https:\/\/api.w.org\/{rel}","templated":true}]}}