{"id":270416,"date":"2025-08-31T13:11:11","date_gmt":"2025-08-31T19:11:11","guid":{"rendered":"https:\/\/vadenuez.info\/wp\/?p=270416"},"modified":"2025-08-31T13:11:12","modified_gmt":"2025-08-31T19:11:12","slug":"trabajo-coordinado-entre-copoma-y-gobierno-clave-para-el-crecimiento-del-puerto-rosi-bayardo","status":"publish","type":"post","link":"https:\/\/vadenuez.info\/wp\/trabajo-coordinado-entre-copoma-y-gobierno-clave-para-el-crecimiento-del-puerto-rosi-bayardo\/","title":{"rendered":"Trabajo coordinado entre Copoma y gobierno, clave para el crecimiento del puerto: Rosi Bayardo"},"content":{"rendered":"\n<p>En el marco del sexto aniversario de la Comunidad Portuaria de Manzanillo (Copoma), la presidenta municipal de Manzanillo, Rosa Mar\u00eda Bayardo Cabrera, destac\u00f3 el papel estrat\u00e9gico que ha tenido esta comunidad, junto a los tres niveles de gobierno, en la consolidaci\u00f3n del puerto como motor de crecimiento y desarrollo.<br>\u200b\u200b \u200b \u200b \u200b\u200b\u200b\u200b\u200b\u200b<br>\u201cHoy tenemos una relacio\u0301n so\u0301lida entre los gobiernos y la comunidad portuaria. Hemos logrado alinear esfuerzos y visiones en un mismo objetivo: el desarrollo equilibrado, sostenible y ordenado del puerto\u201d, expres\u00f3.<\/p>\n\n\n\n<p>Rosi Bayardo reconoci\u00f3 la visi\u00f3n de la gobernadora Indira Vizca\u00edno Silva y de la presidenta de M\u00e9xico, Claudia Sheinbaum Pardo, a quienes se\u00f1al\u00f3 como firmes impulsoras de la ampliaci\u00f3n del puerto, una obra que -dijo- har\u00e1 de Manzanillo el puerto m\u00e1s importante de Am\u00e9rica Latina.<\/p>\n\n\n\n<p>\u201cEstoy convencida de que vamos a garantizar que esta ampliaci\u00f3n se traduzca en beneficios visibles y palpables para la gente, siempre de la mano del cuidado del medio ambiente\u201d,&nbsp;a\u00f1adi\u00f3.<\/p>\n","protected":false},"excerpt":{"rendered":"<p>En el marco del sexto aniversario de la Comunidad Portuaria de Manzanillo (Copoma), la presidenta municipal de Manzanillo, Rosa Mar\u00eda Bayardo Cabrera, destac\u00f3 el papel estrat\u00e9gico que ha tenido esta comunidad, junto a los tres niveles de gobierno, en la consolidaci\u00f3n del puerto como motor de crecimiento y desarrollo.\u200b\u200b \u200b \u200b \u200b\u200b\u200b\u200b\u200b\u200b\u201cHoy tenemos una relacio\u0301n so\u0301lida entre los gobiernos y la comunidad portuaria. Hemos logrado alinear esfuerzos y visiones en un mismo objetivo: el desarrollo equilibrado, sostenible y ordenado del puerto\u201d, expres\u00f3. Rosi Bayardo reconoci\u00f3 la visi\u00f3n de la gobernadora Indira Vizca\u00edno Silva y de la presidenta de M\u00e9xico, Claudia [&hellip;]<\/p>\n","protected":false},"author":2,"featured_media":270417,"comment_status":"closed","ping_status":"closed","sticky":false,"template":"","format":"standard","meta":{"footnotes":""},"categories":[2],"tags":[],"class_list":["post-270416","post","type-post","status-publish","format-standard","has-post-thumbnail","hentry","category-locales"],"_links":{"self":[{"href":"https:\/\/vadenuez.info\/wp\/wp-json\/wp\/v2\/posts\/270416","targetHints":{"allow":["GET"]}}],"collection":[{"href":"https:\/\/vadenuez.info\/wp\/wp-json\/wp\/v2\/posts"}],"about":[{"href":"https:\/\/vadenuez.info\/wp\/wp-json\/wp\/v2\/types\/post"}],"author":[{"embeddable":true,"href":"https:\/\/vadenuez.info\/wp\/wp-json\/wp\/v2\/users\/2"}],"replies":[{"embeddable":true,"href":"https:\/\/vadenuez.info\/wp\/wp-json\/wp\/v2\/comments?post=270416"}],"version-history":[{"count":1,"href":"https:\/\/vadenuez.info\/wp\/wp-json\/wp\/v2\/posts\/270416\/revisions"}],"predecessor-version":[{"id":270418,"href":"https:\/\/vadenuez.info\/wp\/wp-json\/wp\/v2\/posts\/270416\/revisions\/270418"}],"wp:featuredmedia":[{"embeddable":true,"href":"https:\/\/vadenuez.info\/wp\/wp-json\/wp\/v2\/media\/270417"}],"wp:attachment":[{"href":"https:\/\/vadenuez.info\/wp\/wp-json\/wp\/v2\/media?parent=270416"}],"wp:term":[{"taxonomy":"category","embeddable":true,"href":"https:\/\/vadenuez.info\/wp\/wp-json\/wp\/v2\/categories?post=270416"},{"taxonomy":"post_tag","embeddable":true,"href":"https:\/\/vadenuez.info\/wp\/wp-json\/wp\/v2\/tags?post=270416"}],"curies":[{"name":"wp","href":"https:\/\/api.w.org\/{rel}","templated":true}]}}