{"id":270367,"date":"2025-08-29T11:55:27","date_gmt":"2025-08-29T17:55:27","guid":{"rendered":"https:\/\/vadenuez.info\/wp\/?p=270367"},"modified":"2025-08-29T11:55:27","modified_gmt":"2025-08-29T17:55:27","slug":"sofia-peralta-no-descarta-buscar-la-presidencia-municipal-de-vdea-en-el-proximo-proceso-electoral","status":"publish","type":"post","link":"https:\/\/vadenuez.info\/wp\/sofia-peralta-no-descarta-buscar-la-presidencia-municipal-de-vdea-en-el-proximo-proceso-electoral\/","title":{"rendered":"Sof\u00eda Peralta no descarta buscar la presidencia municipal de VdeA en el pr\u00f3ximo proceso electoral"},"content":{"rendered":"\n<ul class=\"wp-block-list\">\n<li><em>Aunque de manera directa evadi\u00f3 la pregunta, precis\u00f3 que obviamente est\u00e1 trabajando en un proyecto pol\u00edtico a futuro<\/em><\/li>\n<\/ul>\n\n\n\n<p>La diputada local Sof\u00eda Peralta Ferro no descart\u00f3 buscar la candidatura para la presidencia municipal de Villa de \u00c1lvarez para el pr\u00f3ximo proceso electoral 2027.<\/p>\n\n\n\n<p>A pregunta expresa, mientras realizaba una conferencia de prensa, la legisladora villalvarense, trat\u00f3 de esquivar el cuestionamiento, asegurando que el trabajo que viene realizando es buscando el beneficio de las y los ciudadanos de Villa de \u00c1lvarez.<\/p>\n\n\n\n<p>\u201cEl trabajo que vengo realizando es en agradecimiento a la gente que me dio la confianza\u201d, indic\u00f3.<\/p>\n\n\n\n<p>Agreg\u00f3 que \u201cyo creo que el pol\u00edtico que te diga que no busca o aspira a otro cargo m\u00e1s adelante te estar\u00eda echando mentiras. Por supuesto que estamos trabajando en un proyecto, pero al final d\u00eda yo creo que el trabajo es lo que habla por uno y la gente es la que tiene que tomar esa decisi\u00f3n, no nosotros\u201d, indic\u00f3.<\/p>\n\n\n\n<p>Precis\u00f3 que \u201cnosotros le estamos echando todas las ganas, independientemente al proyecto que sea a futuro. Nosotros como servidores p\u00fablicos tenemos una responsabilidad y desde el primer d\u00eda que yo entr\u00e9 como diputada he estado trabajando en las colonias (\u2026) y vamos a seguir de la misma manera trabajando cerca de la gente y por supuesto que hemos estado muy enfocados en Villa de \u00c1lvarez, uno porque mi distrito est\u00e1 ah\u00ed y porque yo soy villalvarense, entonces me motiva a seguir haciendo actividades en pro del bienestar de las y los ciudadanos\u201d.<\/p>\n","protected":false},"excerpt":{"rendered":"<p>La diputada local Sof\u00eda Peralta Ferro no descart\u00f3 buscar la candidatura para la presidencia municipal de Villa de \u00c1lvarez para el pr\u00f3ximo proceso electoral 2027. A pregunta expresa, mientras realizaba una conferencia de prensa, la legisladora villalvarense, trat\u00f3 de esquivar el cuestionamiento, asegurando que el trabajo que viene realizando es buscando el beneficio de las y los ciudadanos de Villa de \u00c1lvarez. \u201cEl trabajo que vengo realizando es en agradecimiento a la gente que me dio la confianza\u201d, indic\u00f3. Agreg\u00f3 que \u201cyo creo que el pol\u00edtico que te diga que no busca o aspira a otro cargo m\u00e1s adelante te [&hellip;]<\/p>\n","protected":false},"author":18,"featured_media":270368,"comment_status":"closed","ping_status":"closed","sticky":false,"template":"","format":"standard","meta":{"footnotes":""},"categories":[632],"tags":[],"class_list":["post-270367","post","type-post","status-publish","format-standard","has-post-thumbnail","hentry","category-municipios"],"_links":{"self":[{"href":"https:\/\/vadenuez.info\/wp\/wp-json\/wp\/v2\/posts\/270367","targetHints":{"allow":["GET"]}}],"collection":[{"href":"https:\/\/vadenuez.info\/wp\/wp-json\/wp\/v2\/posts"}],"about":[{"href":"https:\/\/vadenuez.info\/wp\/wp-json\/wp\/v2\/types\/post"}],"author":[{"embeddable":true,"href":"https:\/\/vadenuez.info\/wp\/wp-json\/wp\/v2\/users\/18"}],"replies":[{"embeddable":true,"href":"https:\/\/vadenuez.info\/wp\/wp-json\/wp\/v2\/comments?post=270367"}],"version-history":[{"count":1,"href":"https:\/\/vadenuez.info\/wp\/wp-json\/wp\/v2\/posts\/270367\/revisions"}],"predecessor-version":[{"id":270369,"href":"https:\/\/vadenuez.info\/wp\/wp-json\/wp\/v2\/posts\/270367\/revisions\/270369"}],"wp:featuredmedia":[{"embeddable":true,"href":"https:\/\/vadenuez.info\/wp\/wp-json\/wp\/v2\/media\/270368"}],"wp:attachment":[{"href":"https:\/\/vadenuez.info\/wp\/wp-json\/wp\/v2\/media?parent=270367"}],"wp:term":[{"taxonomy":"category","embeddable":true,"href":"https:\/\/vadenuez.info\/wp\/wp-json\/wp\/v2\/categories?post=270367"},{"taxonomy":"post_tag","embeddable":true,"href":"https:\/\/vadenuez.info\/wp\/wp-json\/wp\/v2\/tags?post=270367"}],"curies":[{"name":"wp","href":"https:\/\/api.w.org\/{rel}","templated":true}]}}