{"id":270340,"date":"2025-08-29T09:37:41","date_gmt":"2025-08-29T15:37:41","guid":{"rendered":"https:\/\/vadenuez.info\/wp\/?p=270340"},"modified":"2025-08-29T09:37:42","modified_gmt":"2025-08-29T15:37:42","slug":"a-pesar-de-que-si-se-presentaron-robos-al-interior-de-los-planteles-escolares-se-esta-al-100-por-ciento-para-este-regreso-a-clases-adolfo-nunez","status":"publish","type":"post","link":"https:\/\/vadenuez.info\/wp\/a-pesar-de-que-si-se-presentaron-robos-al-interior-de-los-planteles-escolares-se-esta-al-100-por-ciento-para-este-regreso-a-clases-adolfo-nunez\/","title":{"rendered":"A pesar de que s\u00ed se presentaron robos al interior de los planteles escolares, se est\u00e1 al 100 por ciento para este regreso a clases: Adolfo N\u00fa\u00f1ez"},"content":{"rendered":"\n<ul class=\"wp-block-list\">\n<li><em>Se recuperaron matr\u00edculas en varias escuelas del estado<\/em><\/li>\n\n\n\n<li><em>Se reabren dos planteles escolares que hab\u00edan cerrado por falta de alumnos<\/em><\/li>\n\n\n\n<li><em>Las y los docentes se encuentran listos para recibir a las y los alumnos<\/em><\/li>\n<\/ul>\n\n\n\n<p>Adolfo N\u00fa\u00f1ez Gonz\u00e1lez, titular de la Secretar\u00eda de Educaci\u00f3n y Cultura enfatiz\u00f3 que aunque lamentablemente durante el periodo vacacional si se presentaron robos al interior de algunos planteles escolares, esto ya fue subsanado.<\/p>\n\n\n\n<p>\u201cCre\u00edamos que la hab\u00edamos librado en cuanto a vandalismo y robos, pero en esta \u00faltima semana del mes de agosto se presentaron en seis o siete escuelas del estado, robos de cableado\u201d, indic\u00f3.<\/p>\n\n\n\n<p>Apunt\u00f3 que ante esta situaci\u00f3n se habl\u00f3 con INCOIFED para resolver esta problem\u00e1tica lo antes posible y poder subsanar la falta de energ\u00eda el\u00e9ctrica, pues una escuela sin luz es una escuela sin agua y una escuela sin agua es un foco de infecci\u00f3n a las dos o tres horas (\u2026), pero ya se tiene al cien por ciento los planteles escolares, para que el pr\u00f3ximo lunes 1\u00ba de septiembre, las ni\u00f1as, ni\u00f1os y j\u00f3venes est\u00e9n regresando a las aulas\u201d.<\/p>\n\n\n\n<p>El titular de educaci\u00f3n afirm\u00f3 que se tiene todo listo para este regreso a clases, los directores y sus plantillas realizan durante esta semana los Consejos escolares, en donde se tratan los temas generales, pero tambi\u00e9n lo de cada escuela en particular\u201d.<\/p>\n\n\n\n<p>Indic\u00f3 que las y los maestros se encuentran preparados para recibir a los estudiantes. Recordando que todos los apoyos de ColiBecas como son uniformes y \u00fatiles escolares ya se entregaron, as\u00ed como la totalidad de los libros de texto gratuitos, \u201csolo falta entregar a los alumnos que ingresen a primero de secundaria su ColiComputadora\u201d, resalt\u00f3.<\/p>\n\n\n\n<p>Precis\u00f3 que para este ciclo escolar regresar\u00e1n a clases un aproximado de 30 mil estudiantes a secundaria, entre 62 y 63 mil a primaria y entre 14 y 16 mil a preescolar.<\/p>\n\n\n\n<p>Reconoci\u00f3 que se ha ampliado la matricula en varias escuelas y por ello, mencion\u00f3 se est\u00e1n reabriendo dos planteles uno en la comunidad del Chivato en Villa de \u00c1lvarez y otra m\u00e1s en Tecuanillo, en Tecom\u00e1n, ambas cerradas por varios a\u00f1os ante la falta de estudiantes.<\/p>\n\n\n\n<p>Finalmente, Adolfo N\u00fa\u00f1ez indic\u00f3 que \u201cviene la mejor semana para todo el sector educativo, pues es cuando las y los ni\u00f1os se sienten motivados por tener \u00fatiles, uniformes y libros nuevos, donde quieren platicar todo lo que realizaron durante sus vacaciones\u201d.<\/p>\n","protected":false},"excerpt":{"rendered":"<p>Adolfo N\u00fa\u00f1ez Gonz\u00e1lez, titular de la Secretar\u00eda de Educaci\u00f3n y Cultura enfatiz\u00f3 que aunque lamentablemente durante el periodo vacacional si se presentaron robos al interior de algunos planteles escolares, esto ya fue subsanado. \u201cCre\u00edamos que la hab\u00edamos librado en cuanto a vandalismo y robos, pero en esta \u00faltima semana del mes de agosto se presentaron en seis o siete escuelas del estado, robos de cableado\u201d, indic\u00f3. Apunt\u00f3 que ante esta situaci\u00f3n se habl\u00f3 con INCOIFED para resolver esta problem\u00e1tica lo antes posible y poder subsanar la falta de energ\u00eda el\u00e9ctrica, pues una escuela sin luz es una escuela sin agua [&hellip;]<\/p>\n","protected":false},"author":18,"featured_media":270341,"comment_status":"closed","ping_status":"closed","sticky":false,"template":"","format":"standard","meta":{"footnotes":""},"categories":[3,12],"tags":[],"class_list":["post-270340","post","type-post","status-publish","format-standard","has-post-thumbnail","hentry","category-colima","category-destacadas"],"_links":{"self":[{"href":"https:\/\/vadenuez.info\/wp\/wp-json\/wp\/v2\/posts\/270340","targetHints":{"allow":["GET"]}}],"collection":[{"href":"https:\/\/vadenuez.info\/wp\/wp-json\/wp\/v2\/posts"}],"about":[{"href":"https:\/\/vadenuez.info\/wp\/wp-json\/wp\/v2\/types\/post"}],"author":[{"embeddable":true,"href":"https:\/\/vadenuez.info\/wp\/wp-json\/wp\/v2\/users\/18"}],"replies":[{"embeddable":true,"href":"https:\/\/vadenuez.info\/wp\/wp-json\/wp\/v2\/comments?post=270340"}],"version-history":[{"count":1,"href":"https:\/\/vadenuez.info\/wp\/wp-json\/wp\/v2\/posts\/270340\/revisions"}],"predecessor-version":[{"id":270342,"href":"https:\/\/vadenuez.info\/wp\/wp-json\/wp\/v2\/posts\/270340\/revisions\/270342"}],"wp:featuredmedia":[{"embeddable":true,"href":"https:\/\/vadenuez.info\/wp\/wp-json\/wp\/v2\/media\/270341"}],"wp:attachment":[{"href":"https:\/\/vadenuez.info\/wp\/wp-json\/wp\/v2\/media?parent=270340"}],"wp:term":[{"taxonomy":"category","embeddable":true,"href":"https:\/\/vadenuez.info\/wp\/wp-json\/wp\/v2\/categories?post=270340"},{"taxonomy":"post_tag","embeddable":true,"href":"https:\/\/vadenuez.info\/wp\/wp-json\/wp\/v2\/tags?post=270340"}],"curies":[{"name":"wp","href":"https:\/\/api.w.org\/{rel}","templated":true}]}}