{"id":270297,"date":"2025-08-28T14:16:28","date_gmt":"2025-08-28T20:16:28","guid":{"rendered":"https:\/\/vadenuez.info\/wp\/?p=270297"},"modified":"2025-08-28T14:16:29","modified_gmt":"2025-08-28T20:16:29","slug":"inicio-en-colima-la-gran-venta-nocturna-2025-del-fondo-de-cultura-economica","status":"publish","type":"post","link":"https:\/\/vadenuez.info\/wp\/inicio-en-colima-la-gran-venta-nocturna-2025-del-fondo-de-cultura-economica\/","title":{"rendered":"Inici\u00f3 en Colima la \u2018Gran Venta Nocturna 2025\u2019 del Fondo de Cultura Econ\u00f3mica"},"content":{"rendered":"\n<ul class=\"wp-block-list\">\n<li><em>Hay descuentos en diversas colecciones de libros, as\u00ed como actividades art\u00edsticas y literarias gratuitas<\/em><\/li>\n<\/ul>\n\n\n\n<p>La \u2018Gran Venta Nocturna 2025\u2019 del Fondo de Cultura Econ\u00f3mica (FCE) y Educal, realizada en coordinaci\u00f3n con la Subsecretar\u00eda de Cultura del Gobierno del Estado de Colima, comenz\u00f3 este jueves en la librer\u00eda Miguel de la Madrid Hurtado, en el edificio de talleres de Casa de la Cultura Estatal, con presentaciones art\u00edsticas y literarias para todo p\u00fablico. Tambi\u00e9n en la Librer\u00eda Educal del Museo Palacio de Gobierno hay actividades literarias y se ofrecen descuentos como parte de esta actividad.<\/p>\n\n\n\n<p>Adem\u00e1s de ofertas y descuentos especiales en m\u00e1s de veinte colecciones de libros y doscientas editoriales, tambi\u00e9n iniciaron las presentaciones art\u00edsticas, como el actor Manuel Acosta, quien present\u00f3 \u2018El cuento emplumado\u2019, historia para el p\u00fablico infantil que cuenta la leyenda sobre un p\u00e1jaro legendario revestido con las plumas de muchas otras aves.<\/p>\n\n\n\n<p>El escritor Miguel Araujo realiz\u00f3 la lectura de algunos de sus cuentos, entre ellos el texto ganador del XIX Concurso de Cuento Biestatal Jalisco-Colima, convocado por el Ayuntamiento de San Gabriel, Jalisco. Adem\u00e1s, el joven artista Mar Barreto present\u00f3 su libro \u2018El ni\u00f1o que naci\u00f3 del mar\u2019, que invita a imaginar con una historia sobre la familia y las ilusiones de la infancia.<\/p>\n\n\n\n<p>En representaci\u00f3n del subsecretario de Cultura, Emiliano Zizumbo Quintanilla, el director de Cultura, Miguel Olmedo Valle mencion\u00f3 que la \u2018Gran Venta Nocturna\u2019 es un evento nacional donde participan todas las librer\u00edas del FCE y forma parte de una estrategia para fomentar la lectura en todo el pa\u00eds, invitando al p\u00fablico a adquirir libros a bajo costo, compartiendo momentos entra\u00f1ables con autores locales&nbsp;y&nbsp;nacionales.<\/p>\n","protected":false},"excerpt":{"rendered":"<p>La \u2018Gran Venta Nocturna 2025\u2019 del Fondo de Cultura Econ\u00f3mica (FCE) y Educal, realizada en coordinaci\u00f3n con la Subsecretar\u00eda de Cultura del Gobierno del Estado de Colima, comenz\u00f3 este jueves en la librer\u00eda Miguel de la Madrid Hurtado, en el edificio de talleres de Casa de la Cultura Estatal, con presentaciones art\u00edsticas y literarias para todo p\u00fablico. Tambi\u00e9n en la Librer\u00eda Educal del Museo Palacio de Gobierno hay actividades literarias y se ofrecen descuentos como parte de esta actividad. Adem\u00e1s de ofertas y descuentos especiales en m\u00e1s de veinte colecciones de libros y doscientas editoriales, tambi\u00e9n iniciaron las presentaciones art\u00edsticas, [&hellip;]<\/p>\n","protected":false},"author":2,"featured_media":270298,"comment_status":"closed","ping_status":"closed","sticky":false,"template":"","format":"standard","meta":{"footnotes":""},"categories":[3],"tags":[],"class_list":["post-270297","post","type-post","status-publish","format-standard","has-post-thumbnail","hentry","category-colima"],"_links":{"self":[{"href":"https:\/\/vadenuez.info\/wp\/wp-json\/wp\/v2\/posts\/270297","targetHints":{"allow":["GET"]}}],"collection":[{"href":"https:\/\/vadenuez.info\/wp\/wp-json\/wp\/v2\/posts"}],"about":[{"href":"https:\/\/vadenuez.info\/wp\/wp-json\/wp\/v2\/types\/post"}],"author":[{"embeddable":true,"href":"https:\/\/vadenuez.info\/wp\/wp-json\/wp\/v2\/users\/2"}],"replies":[{"embeddable":true,"href":"https:\/\/vadenuez.info\/wp\/wp-json\/wp\/v2\/comments?post=270297"}],"version-history":[{"count":1,"href":"https:\/\/vadenuez.info\/wp\/wp-json\/wp\/v2\/posts\/270297\/revisions"}],"predecessor-version":[{"id":270299,"href":"https:\/\/vadenuez.info\/wp\/wp-json\/wp\/v2\/posts\/270297\/revisions\/270299"}],"wp:featuredmedia":[{"embeddable":true,"href":"https:\/\/vadenuez.info\/wp\/wp-json\/wp\/v2\/media\/270298"}],"wp:attachment":[{"href":"https:\/\/vadenuez.info\/wp\/wp-json\/wp\/v2\/media?parent=270297"}],"wp:term":[{"taxonomy":"category","embeddable":true,"href":"https:\/\/vadenuez.info\/wp\/wp-json\/wp\/v2\/categories?post=270297"},{"taxonomy":"post_tag","embeddable":true,"href":"https:\/\/vadenuez.info\/wp\/wp-json\/wp\/v2\/tags?post=270297"}],"curies":[{"name":"wp","href":"https:\/\/api.w.org\/{rel}","templated":true}]}}