{"id":263773,"date":"2025-03-31T12:56:51","date_gmt":"2025-03-31T18:56:51","guid":{"rendered":"https:\/\/vadenuez.info\/wp\/?p=263773"},"modified":"2025-03-31T12:56:52","modified_gmt":"2025-03-31T18:56:52","slug":"no-habra-prep-en-la-eleccion-del-poder-judicial-consejero-presidente-del-iee","status":"publish","type":"post","link":"https:\/\/vadenuez.info\/wp\/no-habra-prep-en-la-eleccion-del-poder-judicial-consejero-presidente-del-iee\/","title":{"rendered":"No habr\u00e1 PREP en la elecci\u00f3n del Poder Judicial: Consejero Presidente del IEE"},"content":{"rendered":"\n<ul class=\"wp-block-list\">\n<li><em>Los c\u00f3mputos se van a realizar en cada uno de los diez Consejos Municipales: Juan Ram\u00edrez Ramos<\/em><br><\/li>\n<\/ul>\n\n\n\n<p>Para la elecci\u00f3n de representantes del Poder Judicial que, se realizar\u00e1 el pr\u00f3ximo domingo 1 de junio de este a\u00f1o, no se tendr\u00e1 el Programa de Resultados Electorales Preliminares (PREP) o conteo r\u00e1pido, dio a conocer Juan Ram\u00edrez Ramos, consejero presidente provisional del Instituto Electoral del Estado de Colima (IEE).<\/p>\n\n\n\n<p><br>Indic\u00f3 que la etapa del c\u00f3mputo es lo que m\u00e1s novedades y cambios va a registrar en esta ocasi\u00f3n en comparaci\u00f3n con una elecci\u00f3n a la que estamos acostumbrados (del poder ejecutivo o legislativo), \u201cporque por primera vez no va a haber PREP, no va a haber conteo r\u00e1pido\u201d.<\/p>\n\n\n\n<p><br>Explic\u00f3 que \u201ces nuestra obligaci\u00f3n poner al exterior de la casilla, como se hace una elecci\u00f3n normal, un cartel en donde pondremos cuantos ciudadanos fueron a votar, cual fue la participaci\u00f3n ciudadana, ese es el dato que nos va a dar cada una de las casillas\u201d.<\/p>\n\n\n\n<p><br>Dijo que \u201cen esta ocasi\u00f3n se determina que no se haga el escrutinio y el c\u00f3mputo en la casilla porque estamos acostumbrados a que en las otras elecciones un ciudadano es un voto, en esta ocasi\u00f3n en elecci\u00f3n de juezas y jueces un ciudadano son 31 votos, en el caso de Magistrados del Supremo Tribunal de Justicia un ciudadano son diez votos y en el caso del Tribunal de Disciplina Judicial, un ciudadano ser\u00e1n 5 votos y si sumamos el n\u00famero de votos nos da una idea del tiempo que tardar\u00eda los funcionarios de casilla para poder computar esos votos\u201d.<\/p>\n\n\n\n<p><br>Abund\u00f3 que \u201cpor eso esta decisi\u00f3n se tom\u00f3 en el Instituto Nacional Electoral (INE) y nosotros la estamos retomando, y los c\u00f3mputos se van a realizar en cada uno de los diez Consejos Municipales\u201d.<\/p>\n\n\n\n<p><br>Juan Ram\u00edrez Ramos agreg\u00f3 que los \u201cConsejos Municipales llevar\u00e1n los c\u00f3mputos de una manera similar a cuando se realiza el recuento total de votos, llegar\u00e1 el paquete electoral y se revisar\u00e1 voto por voto, una elecci\u00f3n primero y hasta agotarla se realizar\u00e1 la segunda elecci\u00f3n y luego la tercera, lo que nos permitir\u00e1 concentrar la informaci\u00f3n para remitir el acta y en el Consejo General del IEE se realizar\u00e1 el computo estatal, que es la sumatoria de los resultados de cada uno de los c\u00f3mputos municipales de las tres elecciones\u201d,\u00a0puntualiz\u00f3.<\/p>\n","protected":false},"excerpt":{"rendered":"<p>Para la elecci\u00f3n de representantes del Poder Judicial que, se realizar\u00e1 el pr\u00f3ximo domingo 1 de junio de este a\u00f1o, no se tendr\u00e1 el Programa de Resultados Electorales Preliminares (PREP) o conteo r\u00e1pido, dio a conocer Juan Ram\u00edrez Ramos, consejero presidente provisional del Instituto Electoral del Estado de Colima (IEE). Indic\u00f3 que la etapa del c\u00f3mputo es lo que m\u00e1s novedades y cambios va a registrar en esta ocasi\u00f3n en comparaci\u00f3n con una elecci\u00f3n a la que estamos acostumbrados (del poder ejecutivo o legislativo), \u201cporque por primera vez no va a haber PREP, no va a haber conteo r\u00e1pido\u201d. Explic\u00f3 [&hellip;]<\/p>\n","protected":false},"author":18,"featured_media":263774,"comment_status":"closed","ping_status":"closed","sticky":false,"template":"","format":"standard","meta":{"footnotes":""},"categories":[3,12],"tags":[],"class_list":["post-263773","post","type-post","status-publish","format-standard","has-post-thumbnail","hentry","category-colima","category-destacadas"],"_links":{"self":[{"href":"https:\/\/vadenuez.info\/wp\/wp-json\/wp\/v2\/posts\/263773","targetHints":{"allow":["GET"]}}],"collection":[{"href":"https:\/\/vadenuez.info\/wp\/wp-json\/wp\/v2\/posts"}],"about":[{"href":"https:\/\/vadenuez.info\/wp\/wp-json\/wp\/v2\/types\/post"}],"author":[{"embeddable":true,"href":"https:\/\/vadenuez.info\/wp\/wp-json\/wp\/v2\/users\/18"}],"replies":[{"embeddable":true,"href":"https:\/\/vadenuez.info\/wp\/wp-json\/wp\/v2\/comments?post=263773"}],"version-history":[{"count":1,"href":"https:\/\/vadenuez.info\/wp\/wp-json\/wp\/v2\/posts\/263773\/revisions"}],"predecessor-version":[{"id":263775,"href":"https:\/\/vadenuez.info\/wp\/wp-json\/wp\/v2\/posts\/263773\/revisions\/263775"}],"wp:featuredmedia":[{"embeddable":true,"href":"https:\/\/vadenuez.info\/wp\/wp-json\/wp\/v2\/media\/263774"}],"wp:attachment":[{"href":"https:\/\/vadenuez.info\/wp\/wp-json\/wp\/v2\/media?parent=263773"}],"wp:term":[{"taxonomy":"category","embeddable":true,"href":"https:\/\/vadenuez.info\/wp\/wp-json\/wp\/v2\/categories?post=263773"},{"taxonomy":"post_tag","embeddable":true,"href":"https:\/\/vadenuez.info\/wp\/wp-json\/wp\/v2\/tags?post=263773"}],"curies":[{"name":"wp","href":"https:\/\/api.w.org\/{rel}","templated":true}]}}