{"id":259759,"date":"2024-12-11T15:25:55","date_gmt":"2024-12-11T21:25:55","guid":{"rendered":"https:\/\/vadenuez.info\/wp\/?p=259759"},"modified":"2024-12-11T15:25:56","modified_gmt":"2024-12-11T21:25:56","slug":"en-reunion-nacional-cultura-colima-concreta-acuerdos-para-impulsar-el-desarrollo-artistico-en-esta-entidad","status":"publish","type":"post","link":"https:\/\/vadenuez.info\/wp\/en-reunion-nacional-cultura-colima-concreta-acuerdos-para-impulsar-el-desarrollo-artistico-en-esta-entidad\/","title":{"rendered":"En reuni\u00f3n nacional, Cultura Colima concreta acuerdos para impulsar el desarrollo art\u00edstico en esta entidad"},"content":{"rendered":"\n<ul class=\"wp-block-list\">\n<li>Destacan una exposici\u00f3n sobre culturas tradicionales de Colima en CDMX, la creaci\u00f3n de un nuevo punto de lectura, entrega de nuevos acervos para 9 bibliotecas p\u00fablicas, la creaci\u00f3n de un nuevo Semillero Creativo de M\u00fasica en Suchitl\u00e1n y la gesti\u00f3n de recursos<\/li>\n<\/ul>\n\n\n\n<p>La Reuni\u00f3n Nacional de Cultura 2024, celebrada en Aguascalientes, concluy\u00f3 tras dos jornadas de trabajo en las que la Subsecretar\u00eda de Cultura del Gobierno del Estado de Colima, representada por su titular, Emiliano Zizumbo Quintanilla, estableci\u00f3 acuerdos bilaterales con m\u00e1s de diez direcciones de la Secretar\u00eda de Cultura del Gobierno de M\u00e9xico, con los que se impulsar\u00e1 el desarrollo art\u00edstico y cultural en la entidad.<\/p>\n\n\n\n<p>Titulares y representantes de instituciones de Cultura de los 31 estados del pa\u00eds compartieron experiencias y esbozaron directrices de las pol\u00edticas culturales p\u00fablicas de M\u00e9xico en la actual administraci\u00f3n. Durante estos dos d\u00edas, se realiz\u00f3 una sesi\u00f3n plenaria, siete mesas de trabajo y se establecieron m\u00faltiples acuerdos bilaterales entre dependencias de la Secretar\u00eda de Cultura del Gobierno de M\u00e9xico con las y los representantes estatales.<\/p>\n\n\n\n<p>En el caso espec\u00edfico de Colima, se lograron concretar acuerdos con el Instituto Nacional de Bellas Artes y Literatura (INBAL), la Direcci\u00f3n General de Bibliotecas, la Direcci\u00f3n General de Culturas Populares y la Coordinaci\u00f3n Nacional de Desarrollo Cultural Infantil, entre otras.<\/p>\n\n\n\n<p>Entre los compromisos establecidos, destacan la realizaci\u00f3n en 2025 de una exposici\u00f3n sobre culturas tradicionales de Colima en el Museo Nacional de Culturas Populares de la CDMX, la creaci\u00f3n de un nuevo punto de lectura en el \u2018Vag\u00f3n de las Artes\u2019 de Casa de la Cultura Estatal, la entrega de nuevos acervos para 9 bibliotecas p\u00fablicas del estado, la creaci\u00f3n de un nuevo Semillero Creativo de M\u00fasica en Suchitl\u00e1n y la gesti\u00f3n de recursos para reparaci\u00f3n de da\u00f1os en la infraestructura cultural estatal ocasionados por el sismo del 2022.<\/p>\n\n\n\n<p>Durante la clausura, la secretaria de Cultura del Gobierno de M\u00e9xico, Claudia Curiel de Icaza, reafirm\u00f3 su inter\u00e9s por fortalecer el ejercicio de escucha y acompa\u00f1amiento a las instituciones culturales de las 32 entidades de la Rep\u00fablica&nbsp;Mexicana.<\/p>\n","protected":false},"excerpt":{"rendered":"<p>La Reuni\u00f3n Nacional de Cultura 2024, celebrada en Aguascalientes, concluy\u00f3 tras dos jornadas de trabajo en las que la Subsecretar\u00eda de Cultura del Gobierno del Estado de Colima, representada por su titular, Emiliano Zizumbo Quintanilla, estableci\u00f3 acuerdos bilaterales con m\u00e1s de diez direcciones de la Secretar\u00eda de Cultura del Gobierno de M\u00e9xico, con los que se impulsar\u00e1 el desarrollo art\u00edstico y cultural en la entidad. Titulares y representantes de instituciones de Cultura de los 31 estados del pa\u00eds compartieron experiencias y esbozaron directrices de las pol\u00edticas culturales p\u00fablicas de M\u00e9xico en la actual administraci\u00f3n. Durante estos dos d\u00edas, se realiz\u00f3 [&hellip;]<\/p>\n","protected":false},"author":18,"featured_media":259760,"comment_status":"closed","ping_status":"closed","sticky":false,"template":"","format":"standard","meta":{"footnotes":""},"categories":[3],"tags":[],"class_list":["post-259759","post","type-post","status-publish","format-standard","has-post-thumbnail","hentry","category-colima"],"_links":{"self":[{"href":"https:\/\/vadenuez.info\/wp\/wp-json\/wp\/v2\/posts\/259759","targetHints":{"allow":["GET"]}}],"collection":[{"href":"https:\/\/vadenuez.info\/wp\/wp-json\/wp\/v2\/posts"}],"about":[{"href":"https:\/\/vadenuez.info\/wp\/wp-json\/wp\/v2\/types\/post"}],"author":[{"embeddable":true,"href":"https:\/\/vadenuez.info\/wp\/wp-json\/wp\/v2\/users\/18"}],"replies":[{"embeddable":true,"href":"https:\/\/vadenuez.info\/wp\/wp-json\/wp\/v2\/comments?post=259759"}],"version-history":[{"count":1,"href":"https:\/\/vadenuez.info\/wp\/wp-json\/wp\/v2\/posts\/259759\/revisions"}],"predecessor-version":[{"id":259761,"href":"https:\/\/vadenuez.info\/wp\/wp-json\/wp\/v2\/posts\/259759\/revisions\/259761"}],"wp:featuredmedia":[{"embeddable":true,"href":"https:\/\/vadenuez.info\/wp\/wp-json\/wp\/v2\/media\/259760"}],"wp:attachment":[{"href":"https:\/\/vadenuez.info\/wp\/wp-json\/wp\/v2\/media?parent=259759"}],"wp:term":[{"taxonomy":"category","embeddable":true,"href":"https:\/\/vadenuez.info\/wp\/wp-json\/wp\/v2\/categories?post=259759"},{"taxonomy":"post_tag","embeddable":true,"href":"https:\/\/vadenuez.info\/wp\/wp-json\/wp\/v2\/tags?post=259759"}],"curies":[{"name":"wp","href":"https:\/\/api.w.org\/{rel}","templated":true}]}}