{"id":259715,"date":"2024-12-02T20:03:04","date_gmt":"2024-12-03T02:03:04","guid":{"rendered":"https:\/\/vadenuez.info\/wp\/?p=259715"},"modified":"2024-12-02T20:03:04","modified_gmt":"2024-12-03T02:03:04","slug":"luego-de-lesionar-a-balazos-a-dos-jovencitas-en-campos-presunto-responsable-es-detenido-en-manzanillo","status":"publish","type":"post","link":"https:\/\/vadenuez.info\/wp\/luego-de-lesionar-a-balazos-a-dos-jovencitas-en-campos-presunto-responsable-es-detenido-en-manzanillo\/","title":{"rendered":"Luego de lesionar a balazos a dos jovencitas en Campos, presunto responsable es detenido en Manzanillo"},"content":{"rendered":"\n<p>Esta noche dos jovencitas, menores, fueron lesionadas por disparos de arma de fuego en la delegaci\u00f3n Campos, en el municipio de Manzanillo y tras un operativo de b\u00fasqueda de los presuntos responsables, uno de ellos, fue detenido por elementos de seguridad.<\/p>\n\n\n\n<p>El hecho se registr\u00f3 por la calle Anselmo Torres, en donde cuatro sujetos dispararon en varias ocasiones logrando lesionar a dos menores, las cuales fueron trasladadas a un hospital para su atenci\u00f3n m\u00e9dica.<\/p>\n\n\n\n<p>Los presuntos responsables al huir del lugar de la agresi\u00f3n, por la calle Graciano Torres abandonaron una camioneta Honda HRV color blanca con placas de Jalisco, por lo que se mont\u00f3 un operativo de seguridad logrando alcanzar a uno de los presuntos delincuentes el cual fue lesionado por un polic\u00eda, siendo trasladado en estado grave a recibir atenci\u00f3n m\u00e9dica.<\/p>\n\n\n\n<p>En ambos lugares se llevaron a cabo las pesquisas periciales correspondientes.<\/p>\n","protected":false},"excerpt":{"rendered":"<p>Esta noche dos jovencitas, menores, fueron lesionadas por disparos de arma de fuego en la delegaci\u00f3n Campos, en el municipio de Manzanillo y tras un operativo de b\u00fasqueda de los presuntos responsables, uno de ellos, fue detenido por elementos de seguridad. El hecho se registr\u00f3 por la calle Anselmo Torres, en donde cuatro sujetos dispararon en varias ocasiones logrando lesionar a dos menores, las cuales fueron trasladadas a un hospital para su atenci\u00f3n m\u00e9dica. Los presuntos responsables al huir del lugar de la agresi\u00f3n, por la calle Graciano Torres abandonaron una camioneta Honda HRV color blanca con placas de Jalisco, [&hellip;]<\/p>\n","protected":false},"author":18,"featured_media":259716,"comment_status":"closed","ping_status":"closed","sticky":false,"template":"","format":"standard","meta":{"footnotes":""},"categories":[1],"tags":[],"class_list":["post-259715","post","type-post","status-publish","format-standard","has-post-thumbnail","hentry","category-sucesos"],"_links":{"self":[{"href":"https:\/\/vadenuez.info\/wp\/wp-json\/wp\/v2\/posts\/259715","targetHints":{"allow":["GET"]}}],"collection":[{"href":"https:\/\/vadenuez.info\/wp\/wp-json\/wp\/v2\/posts"}],"about":[{"href":"https:\/\/vadenuez.info\/wp\/wp-json\/wp\/v2\/types\/post"}],"author":[{"embeddable":true,"href":"https:\/\/vadenuez.info\/wp\/wp-json\/wp\/v2\/users\/18"}],"replies":[{"embeddable":true,"href":"https:\/\/vadenuez.info\/wp\/wp-json\/wp\/v2\/comments?post=259715"}],"version-history":[{"count":1,"href":"https:\/\/vadenuez.info\/wp\/wp-json\/wp\/v2\/posts\/259715\/revisions"}],"predecessor-version":[{"id":259717,"href":"https:\/\/vadenuez.info\/wp\/wp-json\/wp\/v2\/posts\/259715\/revisions\/259717"}],"wp:featuredmedia":[{"embeddable":true,"href":"https:\/\/vadenuez.info\/wp\/wp-json\/wp\/v2\/media\/259716"}],"wp:attachment":[{"href":"https:\/\/vadenuez.info\/wp\/wp-json\/wp\/v2\/media?parent=259715"}],"wp:term":[{"taxonomy":"category","embeddable":true,"href":"https:\/\/vadenuez.info\/wp\/wp-json\/wp\/v2\/categories?post=259715"},{"taxonomy":"post_tag","embeddable":true,"href":"https:\/\/vadenuez.info\/wp\/wp-json\/wp\/v2\/tags?post=259715"}],"curies":[{"name":"wp","href":"https:\/\/api.w.org\/{rel}","templated":true}]}}