{"id":259712,"date":"2024-12-02T20:01:29","date_gmt":"2024-12-03T02:01:29","guid":{"rendered":"https:\/\/vadenuez.info\/wp\/?p=259712"},"modified":"2024-12-02T20:01:30","modified_gmt":"2024-12-03T02:01:30","slug":"avanza-liderazgo-de-las-mujeres-en-la-toma-de-decisiones-comunitarias-en-el-municipio-de-colima","status":"publish","type":"post","link":"https:\/\/vadenuez.info\/wp\/avanza-liderazgo-de-las-mujeres-en-la-toma-de-decisiones-comunitarias-en-el-municipio-de-colima\/","title":{"rendered":"Avanza liderazgo de las mujeres en la toma de decisiones comunitarias en el municipio de Colima"},"content":{"rendered":"\n<p>++ Cabildo de Colima aprueba el c\u00f3mputo de la elecci\u00f3n de autoridades auxiliares; destaca la participaci\u00f3n femenina en el proceso.<\/p>\n\n\n\n<p><br>En la 5\u00aa sesi\u00f3n extraordinaria de Cabildo realizada este lunes, el Ayuntamiento de Colima aprob\u00f3 por mayor\u00eda el dictamen del c\u00f3mputo final, an\u00e1lisis y validez de la elecci\u00f3n de autoridades auxiliares del municipio, celebrada el pasado 1 de diciembre de 2024. El dictamen fue aprobado con 11 votos a favor y 2 en contra, emitidos por las regidoras Azucena L\u00f3pez Legorreta y Diana Gabriela Vizca\u00edno Aguirre.<\/p>\n\n\n\n<p>El proceso electoral, seg\u00fan se explic\u00f3, se desarroll\u00f3 en un ambiente de tranquilidad y seguridad, fue celebrado como un ejemplo de participaci\u00f3n democr\u00e1tica, con una destacada participaci\u00f3n ciudadana que expres\u00f3 su voluntad a trav\u00e9s del sufragio, eligiendo a los representantes que guiar\u00e1n sus comunidades durante los pr\u00f3ximos tres a\u00f1os.<\/p>\n\n\n\n<p>Un aspecto que resalta en este proceso electoral es la destacada participaci\u00f3n de las mujeres, ya que de las autoridades auxiliares electas, 16 son mujeres, lo que representa el 57% del total de las autoridades.<\/p>\n\n\n\n<p>Este significativo avance subraya el creciente liderazgo de las mujeres en la pol\u00edtica local y su papel activo en la toma de decisiones comunitarias.<\/p>\n\n\n\n<p>El alcalde de Colima, Riult Rivera, celebr\u00f3 el \u00e9xito de la jornada electoral, resaltando que la mayor\u00eda de los procesos en las comunidades transcurrieron sin incidentes y con una alta participaci\u00f3n de los ciudadanos.<\/p>\n\n\n\n<p>En este contexto, tambi\u00e9n expres\u00f3 su reconocimiento a los regidores y funcionarios que participaron en las mesas receptoras de votos, as\u00ed como a los ciudadanos que, con responsabilidad c\u00edvica, se dirigieron a los centros de votaci\u00f3n para ejercer su derecho a elegir a quienes quer\u00edan como sus autoridades auxiliares municipales.<\/p>\n\n\n\n<p>Riult Rivera, agradeci\u00f3 a la poblaci\u00f3n por su compromiso c\u00edvico y por elegir a las autoridades que representar\u00e1n a sus comunidades y ser\u00e1n el v\u00ednculo directo ante la autoridad municipal.<\/p>\n\n\n\n<p>La toma de protesta y entrega de nombramientos a las autoridades auxiliares se tiene previsto que se lleve a cabo el pr\u00f3ximo viernes 6 de diciembre, a las 8:30 horas, en el Auditorio Municipal General Manuel \u00c1lvarez, de la Presidencia Municipal de Colima.<\/p>\n\n\n\n<p>El proceso electoral result\u00f3 en un total de 27 registros, con 11 localidades que tuvieron m\u00e1s de un candidato, y las autoridades auxiliares fueron elegidas en aquellas comunidades donde solo se registr\u00f3 un candidato o candidata.<\/p>\n\n\n\n<p>El Ayuntamiento de Colima contin\u00faa trabajando para fortalecer la representaci\u00f3n y participaci\u00f3n pol\u00edtica de todos los sectores de la sociedad, con un especial \u00e9nfasis en el empoderamiento de las mujeres en el \u00e1mbito pol\u00edtico y comunitario, dijo el alcalde capitalino.<\/p>\n\n\n\n<p>Las candidatas y candidatos \u00fanicos y sus suplentes de las localidades donde no hubo elecci\u00f3n quedaron de la siguiente manera:<\/p>\n\n\n\n<p>Los Ortices: Fidela Ram\u00edrez Heredia, N\u00e9stor Alejandro \u00c1lvarez M\u00e1rquez<br>Las Golondrinas: Emilio V\u00e1zquez Mendoza, Gladis Marlen V\u00e1zquez Huerta<br>Trapichillos Poblado: J. F\u00e9lix Peredia Orozco, Martha Lucia Vaca Viera<br>Ticuicit\u00e1n: Patricia Morales Mar\u00eda, Martha Alejandra R\u00edos Castro<br>La Estancia: X\u00f3chitl Maigualida Barreda Bravo, Paula Medrano Ramos<br>Astillero De Abajo: Marisol Ram\u00edrez Mu\u00f1iz, Margarita Reina Ceballos<br>El Chanal: Yessenia Ch\u00e1vez M\u00e9ndez: Rodolfo Corona Rebolledo<br>Astillero De Arriba: Mayra Fernanda Garc\u00eda Avi\u00f1a, Josefina Orozco Delgado<br>Loma de F\u00e1tima: Gabriel Rodrigo Carrillo S\u00e1nchez, Erika Alcal\u00e1 Granados<br>La Media Luna: Mireya Morfin Hern\u00e1ndez, Enriqueta Garc\u00eda Garc\u00eda<br>Puerta de Anzar: Israel Torres Anguiano, David Anguiano Espinoza<br>El Bordo: H\u00e9ctor Sol\u00eds C\u00e1rdenas, Raymundo Garc\u00eda Jim\u00e9nez<br>Loma de Ju\u00e1rez: Antonio Cort\u00e9s Garc\u00eda, Jorge Alberto de La Rosa Mungu\u00eda<br>Cardona: Gladis Celene Rinc\u00f3n Iglesias, Aurora Virginia De La Mora Reyes<br>Trapichillos Ejido: Ana Karina Alcaraz Olivera, Karina Lizeth D\u00edaz G\u00f3mez<\/p>\n\n\n\n<p>LOS ELECTOS EN LA ELECCI\u00d2N<br>Los candidatos y candidatas ganadores, suplentes y n\u00famero de votos de las localidades donde hubo elecci\u00f3n quedaron de la siguiente manera:<\/p>\n\n\n\n<p>Acatit\u00e1n: Idalia Aguilar Monta\u00f1o, Fabi\u00e1n Antonio Carrasco Huerta, 55<br>El Alpuyequito: Adolfo Enoc Salazar Mancilla, Wendi Magali Garc\u00eda Huerta, 43<br>El Amarradero: Gloria Miranda Anguiano, Dora Elena Mart\u00ednez Sol\u00eds, 62<br>Estapilla: Blanca Estela Mu\u00f1iz Ch\u00e1vez, Roque Magall\u00f3n Ch\u00e1vez, 131<br>Ignacio Allende: \u00c1lvaro Gonz\u00e1lez Curiel, Gabriel S\u00e1nchez Ch\u00e1vez, 46<br>La Capacha: Gladys Gabriela Lucas Fajardo, H\u00e9ctor Manuel Aguayo Lucas, 42<br>Las Gu\u00e1simas: Martha Gonz\u00e1lez Mart\u00ednez, Omar Puga Eudave, 111<br>Las Tunas: Bartolo Guti\u00e9rrez Fern\u00e1ndez, Hugo Amador Madrigal S\u00e1nchez, 88<br>Lo de Villa: Miguel \u00c1ngel Brizuela M\u00e9ndez, Jos\u00e9 Miguel Brizuela Puente, 306<br>Los Asmoles: Mar\u00eda del Carmen Carrizales Guti\u00e9rrez, Jes\u00fas Fernando Villa Rueda, 108<br>Los Tepames: Fernando Medina Jr, Ana Julia Vergara Rangel, 436<br>Piscila: Jorge Humberto Cardona Anzar, Alexis Manuel R\u00edos Rangel, 437<br>Tinajas: Samuel Moreno Salazar, Luis Ruelas&nbsp;Mancilla,&nbsp;98<\/p>\n","protected":false},"excerpt":{"rendered":"<p>++ Cabildo de Colima aprueba el c\u00f3mputo de la elecci\u00f3n de autoridades auxiliares; destaca la participaci\u00f3n femenina en el proceso. En la 5\u00aa sesi\u00f3n extraordinaria de Cabildo realizada este lunes, el Ayuntamiento de Colima aprob\u00f3 por mayor\u00eda el dictamen del c\u00f3mputo final, an\u00e1lisis y validez de la elecci\u00f3n de autoridades auxiliares del municipio, celebrada el pasado 1 de diciembre de 2024. El dictamen fue aprobado con 11 votos a favor y 2 en contra, emitidos por las regidoras Azucena L\u00f3pez Legorreta y Diana Gabriela Vizca\u00edno Aguirre. El proceso electoral, seg\u00fan se explic\u00f3, se desarroll\u00f3 en un ambiente de tranquilidad y [&hellip;]<\/p>\n","protected":false},"author":18,"featured_media":259713,"comment_status":"closed","ping_status":"closed","sticky":false,"template":"","format":"standard","meta":{"footnotes":""},"categories":[3],"tags":[],"class_list":["post-259712","post","type-post","status-publish","format-standard","has-post-thumbnail","hentry","category-colima"],"_links":{"self":[{"href":"https:\/\/vadenuez.info\/wp\/wp-json\/wp\/v2\/posts\/259712","targetHints":{"allow":["GET"]}}],"collection":[{"href":"https:\/\/vadenuez.info\/wp\/wp-json\/wp\/v2\/posts"}],"about":[{"href":"https:\/\/vadenuez.info\/wp\/wp-json\/wp\/v2\/types\/post"}],"author":[{"embeddable":true,"href":"https:\/\/vadenuez.info\/wp\/wp-json\/wp\/v2\/users\/18"}],"replies":[{"embeddable":true,"href":"https:\/\/vadenuez.info\/wp\/wp-json\/wp\/v2\/comments?post=259712"}],"version-history":[{"count":1,"href":"https:\/\/vadenuez.info\/wp\/wp-json\/wp\/v2\/posts\/259712\/revisions"}],"predecessor-version":[{"id":259714,"href":"https:\/\/vadenuez.info\/wp\/wp-json\/wp\/v2\/posts\/259712\/revisions\/259714"}],"wp:featuredmedia":[{"embeddable":true,"href":"https:\/\/vadenuez.info\/wp\/wp-json\/wp\/v2\/media\/259713"}],"wp:attachment":[{"href":"https:\/\/vadenuez.info\/wp\/wp-json\/wp\/v2\/media?parent=259712"}],"wp:term":[{"taxonomy":"category","embeddable":true,"href":"https:\/\/vadenuez.info\/wp\/wp-json\/wp\/v2\/categories?post=259712"},{"taxonomy":"post_tag","embeddable":true,"href":"https:\/\/vadenuez.info\/wp\/wp-json\/wp\/v2\/tags?post=259712"}],"curies":[{"name":"wp","href":"https:\/\/api.w.org\/{rel}","templated":true}]}}