{"id":259682,"date":"2024-12-02T15:49:32","date_gmt":"2024-12-02T21:49:32","guid":{"rendered":"https:\/\/vadenuez.info\/wp\/?p=259682"},"modified":"2024-12-02T15:49:33","modified_gmt":"2024-12-02T21:49:33","slug":"advierte-salud-colima-sobre-las-causas-de-la-discapacidad","status":"publish","type":"post","link":"https:\/\/vadenuez.info\/wp\/advierte-salud-colima-sobre-las-causas-de-la-discapacidad\/","title":{"rendered":"Advierte Salud Colima sobre las causas de la discapacidad"},"content":{"rendered":"\n<ul class=\"wp-block-list\">\n<li>Enfermedades cr\u00f3nicas y problemas mentales, entre otras, pueden causar esta deficiencia, se\u00f1ala la dependencia<\/li>\n<\/ul>\n\n\n\n<p>La Secretar\u00eda de Salud del Gobierno del Estado de Colima se\u00f1al\u00f3 que las causas de la discapacidad pueden ser diversas y originarse en diferentes momentos de la vida. Entre las causas m\u00e1s comunes se encuentran lesiones, enfermedades cr\u00f3nicas, c\u00e1ncer, problemas de salud mental, accidente cerebrovascular y Alzheimer y otras causas de demencia.<\/p>\n\n\n\n<p>A\u00f1adi\u00f3 que lesiones en la m\u00e9dula espinal, la cabeza o la espalda, padecimientos como la diabetes, la enfermedad del coraz\u00f3n y de los ri\u00f1ones, la enfermedad pulmonar obstructiva cr\u00f3nica (EPOC) y la artritis, as\u00ed como problemas mentales como depresi\u00f3n, ansiedad, psicosis, trastorno bipolar, esquizofrenia, trastorno esquizo-afectivo y trastorno dual, pueden derivar en alguna discapacidad.<\/p>\n\n\n\n<p>En el D\u00eda Internacional de las Personas con Discapacidad, la dependencia estatal indica que INEGI clasifica las causas de la discapacidad en cuatro grupos principales: al nacimiento, por enfermedad, por accidente, y por edad avanzada. Asimismo, los tipos de discapacidad son sensorial visual, sensorial auditiva, discapacidad motriz, intelectual y mental o psicosocial.<\/p>\n\n\n\n<p>La discapacidad es una deficiencia f\u00edsica, mental, intelectual o sensorial que afecta a las personas a largo plazo, y para acreditarla se emite un certificado. Refiri\u00f3 que el censo 2020 realizado por INEGI indica que en M\u00e9xico existen casi 21 millones de personas con alguna limitaci\u00f3n en la actividad cotidiana o que se identifican como persona con discapacidad, que representa 16.5% de la poblaci\u00f3n del pa\u00eds.<\/p>\n\n\n\n<p>De acuerdo con los c\u00e1lculos de la Organizaci\u00f3n Mundial de la Salud (OMS), m\u00e1s de mil millones de personas -alrededor del 15% de la poblaci\u00f3n mundial- tienen alguna forma de&nbsp;discapacidad.<\/p>\n","protected":false},"excerpt":{"rendered":"<p>La Secretar\u00eda de Salud del Gobierno del Estado de Colima se\u00f1al\u00f3 que las causas de la discapacidad pueden ser diversas y originarse en diferentes momentos de la vida. Entre las causas m\u00e1s comunes se encuentran lesiones, enfermedades cr\u00f3nicas, c\u00e1ncer, problemas de salud mental, accidente cerebrovascular y Alzheimer y otras causas de demencia. A\u00f1adi\u00f3 que lesiones en la m\u00e9dula espinal, la cabeza o la espalda, padecimientos como la diabetes, la enfermedad del coraz\u00f3n y de los ri\u00f1ones, la enfermedad pulmonar obstructiva cr\u00f3nica (EPOC) y la artritis, as\u00ed como problemas mentales como depresi\u00f3n, ansiedad, psicosis, trastorno bipolar, esquizofrenia, trastorno esquizo-afectivo y trastorno [&hellip;]<\/p>\n","protected":false},"author":18,"featured_media":259683,"comment_status":"closed","ping_status":"closed","sticky":false,"template":"","format":"standard","meta":{"footnotes":""},"categories":[3],"tags":[],"class_list":["post-259682","post","type-post","status-publish","format-standard","has-post-thumbnail","hentry","category-colima"],"_links":{"self":[{"href":"https:\/\/vadenuez.info\/wp\/wp-json\/wp\/v2\/posts\/259682","targetHints":{"allow":["GET"]}}],"collection":[{"href":"https:\/\/vadenuez.info\/wp\/wp-json\/wp\/v2\/posts"}],"about":[{"href":"https:\/\/vadenuez.info\/wp\/wp-json\/wp\/v2\/types\/post"}],"author":[{"embeddable":true,"href":"https:\/\/vadenuez.info\/wp\/wp-json\/wp\/v2\/users\/18"}],"replies":[{"embeddable":true,"href":"https:\/\/vadenuez.info\/wp\/wp-json\/wp\/v2\/comments?post=259682"}],"version-history":[{"count":1,"href":"https:\/\/vadenuez.info\/wp\/wp-json\/wp\/v2\/posts\/259682\/revisions"}],"predecessor-version":[{"id":259684,"href":"https:\/\/vadenuez.info\/wp\/wp-json\/wp\/v2\/posts\/259682\/revisions\/259684"}],"wp:featuredmedia":[{"embeddable":true,"href":"https:\/\/vadenuez.info\/wp\/wp-json\/wp\/v2\/media\/259683"}],"wp:attachment":[{"href":"https:\/\/vadenuez.info\/wp\/wp-json\/wp\/v2\/media?parent=259682"}],"wp:term":[{"taxonomy":"category","embeddable":true,"href":"https:\/\/vadenuez.info\/wp\/wp-json\/wp\/v2\/categories?post=259682"},{"taxonomy":"post_tag","embeddable":true,"href":"https:\/\/vadenuez.info\/wp\/wp-json\/wp\/v2\/tags?post=259682"}],"curies":[{"name":"wp","href":"https:\/\/api.w.org\/{rel}","templated":true}]}}