{"id":259606,"date":"2024-11-30T15:52:55","date_gmt":"2024-11-30T21:52:55","guid":{"rendered":"https:\/\/vadenuez.info\/wp\/?p=259606"},"modified":"2024-11-30T15:52:55","modified_gmt":"2024-11-30T21:52:55","slug":"fge-obtiene-la-vinculacion-a-proceso-de-hombre-por-presuntamente-atentar-contra-la-vida-de-elementos-policiales","status":"publish","type":"post","link":"https:\/\/vadenuez.info\/wp\/fge-obtiene-la-vinculacion-a-proceso-de-hombre-por-presuntamente-atentar-contra-la-vida-de-elementos-policiales\/","title":{"rendered":"FGE obtiene la vinculaci\u00f3n a proceso de hombre por presuntamente atentar contra la vida de elementos policiales"},"content":{"rendered":"\n<ul class=\"wp-block-list\">\n<li><em>Accion\u00f3 un arma de fuego en contra de los agentes cuando \u00e9stos le dieron persecuci\u00f3n en el municipio de Armer\u00eda<\/em><\/li>\n<\/ul>\n\n\n\n<p>A trav\u00e9s de un exhaustivo trabajo de investigaci\u00f3n, personal de la Fiscal\u00eda General del Estado (FGE), logr\u00f3 la vinculaci\u00f3n a proceso de V\u00edctor Braulio \u201cN\u201d por su probable responsabilidad en el delito de homicidio calificado en grado de tentativa, ocurrido el pasado mes de octubre en el municipio de Armer\u00eda.<\/p>\n\n\n\n<p>De acuerdo con la carpeta de investigaci\u00f3n, se tiene conocimiento que el d\u00eda del hecho, elementos policiales tuvieron a la vista al masculino quien se encontraba a bordo de una motocicleta sin placas de circulaci\u00f3n y \u00e9ste portaba un arma de fuego por lo que al darle persecuci\u00f3n el ahora imputado dispar\u00f3 en contra de los agentes.<\/p>\n\n\n\n<p>El Juez de Control, luego de revisar los elementos de prueba presentados por la Fiscal\u00eda, consider\u00f3 que existen suficientes datos de prueba para que V\u00edctor Braulio \u201cN\u201d enfrente un proceso penal por el hecho delictivo mencionado, por lo que se dict\u00f3 su vinculaci\u00f3n a proceso, adem\u00e1s, se determin\u00f3 la prisi\u00f3n preventiva como medida cautelar, y se estableci\u00f3 un plazo de tres meses para la investigaci\u00f3n complementaria.<\/p>\n\n\n\n<p>La Fiscal\u00eda continuar\u00e1 con la recopilaci\u00f3n de elementos de prueba y el seguimiento de este y todos los casos, con el objetivo de asegurar que se haga justicia en favor de las v\u00edctimas y la sociedad.<\/p>\n\n\n\n<p>Se hace un llamado a la ciudadan\u00eda para que contin\u00fae colaborando con las autoridades en el combate a la impunidad, proporcionando informaci\u00f3n que pueda contribuir a la resoluci\u00f3n de casos penales, mediante las l\u00edneas telef\u00f3nica 089 para las denuncias an\u00f3nimas y 911 antes las emergencias.<\/p>\n","protected":false},"excerpt":{"rendered":"<p>A trav\u00e9s de un exhaustivo trabajo de investigaci\u00f3n, personal de la Fiscal\u00eda General del Estado (FGE), logr\u00f3 la vinculaci\u00f3n a proceso de V\u00edctor Braulio \u201cN\u201d por su probable responsabilidad en el delito de homicidio calificado en grado de tentativa, ocurrido el pasado mes de octubre en el municipio de Armer\u00eda. De acuerdo con la carpeta de investigaci\u00f3n, se tiene conocimiento que el d\u00eda del hecho, elementos policiales tuvieron a la vista al masculino quien se encontraba a bordo de una motocicleta sin placas de circulaci\u00f3n y \u00e9ste portaba un arma de fuego por lo que al darle persecuci\u00f3n el ahora [&hellip;]<\/p>\n","protected":false},"author":18,"featured_media":259607,"comment_status":"closed","ping_status":"closed","sticky":false,"template":"","format":"standard","meta":{"footnotes":""},"categories":[1],"tags":[],"class_list":["post-259606","post","type-post","status-publish","format-standard","has-post-thumbnail","hentry","category-sucesos"],"_links":{"self":[{"href":"https:\/\/vadenuez.info\/wp\/wp-json\/wp\/v2\/posts\/259606","targetHints":{"allow":["GET"]}}],"collection":[{"href":"https:\/\/vadenuez.info\/wp\/wp-json\/wp\/v2\/posts"}],"about":[{"href":"https:\/\/vadenuez.info\/wp\/wp-json\/wp\/v2\/types\/post"}],"author":[{"embeddable":true,"href":"https:\/\/vadenuez.info\/wp\/wp-json\/wp\/v2\/users\/18"}],"replies":[{"embeddable":true,"href":"https:\/\/vadenuez.info\/wp\/wp-json\/wp\/v2\/comments?post=259606"}],"version-history":[{"count":1,"href":"https:\/\/vadenuez.info\/wp\/wp-json\/wp\/v2\/posts\/259606\/revisions"}],"predecessor-version":[{"id":259608,"href":"https:\/\/vadenuez.info\/wp\/wp-json\/wp\/v2\/posts\/259606\/revisions\/259608"}],"wp:featuredmedia":[{"embeddable":true,"href":"https:\/\/vadenuez.info\/wp\/wp-json\/wp\/v2\/media\/259607"}],"wp:attachment":[{"href":"https:\/\/vadenuez.info\/wp\/wp-json\/wp\/v2\/media?parent=259606"}],"wp:term":[{"taxonomy":"category","embeddable":true,"href":"https:\/\/vadenuez.info\/wp\/wp-json\/wp\/v2\/categories?post=259606"},{"taxonomy":"post_tag","embeddable":true,"href":"https:\/\/vadenuez.info\/wp\/wp-json\/wp\/v2\/tags?post=259606"}],"curies":[{"name":"wp","href":"https:\/\/api.w.org\/{rel}","templated":true}]}}