{"id":258112,"date":"2024-11-01T17:28:08","date_gmt":"2024-11-01T23:28:08","guid":{"rendered":"https:\/\/vadenuez.info\/wp\/?p=258112"},"modified":"2024-11-01T17:28:09","modified_gmt":"2024-11-01T23:28:09","slug":"cultura-colima-invita-a-visitar-los-modulos-en-la-feria-de-todos-los-santos-2024","status":"publish","type":"post","link":"https:\/\/vadenuez.info\/wp\/cultura-colima-invita-a-visitar-los-modulos-en-la-feria-de-todos-los-santos-2024\/","title":{"rendered":"Cultura Colima invita a visitar los m\u00f3dulos en la Feria de Todos los Santos 2024"},"content":{"rendered":"\n<ul class=\"wp-block-list\">\n<li>En cada una de las \u00e1reas del Gobierno del Estado se aprecian los logros, programas y acciones que la administraci\u00f3n que encabeza la gobernadora Indira Vizca\u00edno realiza para las y los colimenses<\/li>\n<\/ul>\n\n\n\n<p>La Subsecretar\u00eda de Cultura del Gobierno del Estado de Colima invita a todas las familias colimenses que acuda a la Feria de Todos los Santos 2024, que se desarrolla del 31 de octubre al 17 de noviembre, para visitar los m\u00f3dulos que elabor\u00f3 el personal de la dependencia estatal, con el objetivo de enaltecer la parte m\u00e1s significativa que nos identifica como entidad.<\/p>\n\n\n\n<p>En el caso particular de la Subsecretar\u00eda de Cultura, su m\u00f3dulo se encuentra ubicado en el complejo del Gobierno de Colima, a pocos metros de la entrada principal del recinto ferial.<\/p>\n\n\n\n<p>En este espacio, todas las personas de cualquier edad, podr\u00e1n participar en las diferentes din\u00e1micas que les permitir\u00e1n ganar libros de cuentos, novelas, poemas y ensayos, as\u00ed como textos de divulgaci\u00f3n cient\u00edfica.<\/p>\n\n\n\n<p>Tambi\u00e9n, las y los visitantes podr\u00e1n llevarse un separador de libros conmemorativo de la Revista Cultural \u2018Tlalchichi\u2019, con el que podr\u00e1n descargar todas las ediciones de dicha revista digital.<\/p>\n\n\n\n<p>Adem\u00e1s, este m\u00f3dulo est\u00e1 decorado con la \u2018Calaverita a nuestra Colima\u2019, divertida composici\u00f3n literaria que pone en realce parte de las tradiciones, el legado art\u00edstico y la riqueza gastron\u00f3mica que distingue a nuestro a estado.<\/p>\n\n\n\n<p>Al igual que el m\u00f3dulo de la Subsecretar\u00eda de Cultura, el Gobierno del Estado de Colima invita a quienes asistan a la Feria, para que recorran y aprecien cada uno de los m\u00f3dulos en los que se exponen los logros, programas y acciones que la administraci\u00f3n de la gobernadora Indira Vizca\u00edno Silva ha realizado a favor de la poblaci\u00f3n de los diez municipios de&nbsp;esta&nbsp;entidad.<\/p>\n","protected":false},"excerpt":{"rendered":"<p>La Subsecretar\u00eda de Cultura del Gobierno del Estado de Colima invita a todas las familias colimenses que acuda a la Feria de Todos los Santos 2024, que se desarrolla del 31 de octubre al 17 de noviembre, para visitar los m\u00f3dulos que elabor\u00f3 el personal de la dependencia estatal, con el objetivo de enaltecer la parte m\u00e1s significativa que nos identifica como entidad. En el caso particular de la Subsecretar\u00eda de Cultura, su m\u00f3dulo se encuentra ubicado en el complejo del Gobierno de Colima, a pocos metros de la entrada principal del recinto ferial. En este espacio, todas las personas [&hellip;]<\/p>\n","protected":false},"author":18,"featured_media":258113,"comment_status":"closed","ping_status":"closed","sticky":false,"template":"","format":"standard","meta":{"footnotes":""},"categories":[3],"tags":[],"class_list":["post-258112","post","type-post","status-publish","format-standard","has-post-thumbnail","hentry","category-colima"],"_links":{"self":[{"href":"https:\/\/vadenuez.info\/wp\/wp-json\/wp\/v2\/posts\/258112","targetHints":{"allow":["GET"]}}],"collection":[{"href":"https:\/\/vadenuez.info\/wp\/wp-json\/wp\/v2\/posts"}],"about":[{"href":"https:\/\/vadenuez.info\/wp\/wp-json\/wp\/v2\/types\/post"}],"author":[{"embeddable":true,"href":"https:\/\/vadenuez.info\/wp\/wp-json\/wp\/v2\/users\/18"}],"replies":[{"embeddable":true,"href":"https:\/\/vadenuez.info\/wp\/wp-json\/wp\/v2\/comments?post=258112"}],"version-history":[{"count":1,"href":"https:\/\/vadenuez.info\/wp\/wp-json\/wp\/v2\/posts\/258112\/revisions"}],"predecessor-version":[{"id":258114,"href":"https:\/\/vadenuez.info\/wp\/wp-json\/wp\/v2\/posts\/258112\/revisions\/258114"}],"wp:featuredmedia":[{"embeddable":true,"href":"https:\/\/vadenuez.info\/wp\/wp-json\/wp\/v2\/media\/258113"}],"wp:attachment":[{"href":"https:\/\/vadenuez.info\/wp\/wp-json\/wp\/v2\/media?parent=258112"}],"wp:term":[{"taxonomy":"category","embeddable":true,"href":"https:\/\/vadenuez.info\/wp\/wp-json\/wp\/v2\/categories?post=258112"},{"taxonomy":"post_tag","embeddable":true,"href":"https:\/\/vadenuez.info\/wp\/wp-json\/wp\/v2\/tags?post=258112"}],"curies":[{"name":"wp","href":"https:\/\/api.w.org\/{rel}","templated":true}]}}