{"id":255813,"date":"2024-08-23T18:57:03","date_gmt":"2024-08-24T00:57:03","guid":{"rendered":"https:\/\/vadenuez.info\/wp\/?p=255813"},"modified":"2024-08-23T18:57:03","modified_gmt":"2024-08-24T00:57:03","slug":"gobierno-de-colima-otorga-subsidio-a-productores-para-la-compra-de-maquinaria-agricola","status":"publish","type":"post","link":"https:\/\/vadenuez.info\/wp\/gobierno-de-colima-otorga-subsidio-a-productores-para-la-compra-de-maquinaria-agricola\/","title":{"rendered":"Gobierno de Colima otorga subsidio a productores para la compra de maquinaria agr\u00edcola"},"content":{"rendered":"\n<p>*Este viernes, la Subseder celebr\u00f3 la segunda \u2018Expo Maquinaria y Equipo Agropecuario 2024\u2019 en el Complejo Administrativo<\/p>\n\n\n\n<p>El Gobierno del Estado de Colima, a trav\u00e9s de la Subsecretar\u00eda de Desarrollo Rural (Subseder), celebr\u00f3 este viernes 23 de agosto la segunda \u2018Expo Maquinaria y Equipo Agropecuario 2024\u2019, en las instalaciones de Complejo Administrativo, en la que participaron ocho empresas distribuidoras de maquinaria y equipo agr\u00edcola, el Fideicomiso Instituido en Relaci\u00f3n con la Agricultura (FIRA) y tres instituciones para el financiamiento.<\/p>\n\n\n\n<p>En este marco y derivado de los recursos extraordinarios que la gobernadora Indira Vizca\u00edno Silva destin\u00f3 al fortalecimiento del campo colimense, la dependencia estatal otorg\u00f3, de manera directa, un subsidio a las y los productores interesados en la adquisici\u00f3n de maquinaria agr\u00edcola; mientras que las empresas e instituciones financieras participantes ofrecieron precios competitivos, facilidades de pago y financiamiento.<\/p>\n\n\n\n<p>Luego de recordar que la mandataria estatal ha destinado recursos, de manera creciente, para que el campo colimense siga siendo productivo y un ejemplo a nivel internacional, el subsecretario de Desarrollo Rural, Jaime Enrique Sotelo Garc\u00eda, se\u00f1al\u00f3 que la entidad colimense exporta casi todo lo que produce y eso se debe en gran medida a la tecnificaci\u00f3n de dicho sector.<\/p>\n\n\n\n<p>\u201cCasi todo lo que se produce tiene las condiciones de sanidad e inocuidad para llegar a todos los mercados y gran parte importante para que esto suceda as\u00ed, tiene que ver con la tecnificaci\u00f3n del campo y con la maquinaria, por eso, este es el segundo esfuerzo que se hace en materia de tecnificaci\u00f3n\u201d, indic\u00f3 el funcionario estatal.<\/p>\n\n\n\n<p>Adem\u00e1s, celebr\u00f3 que las empresas distribuidoras de maquinaria agr\u00edcola hayan respondido desde el a\u00f1o pasado, cuando no se pudo destinar ning\u00fan recurso por parte de la administraci\u00f3n estatal; \u201cpor eso, hoy reconocemos a esas empresas que nos tuvieron confianza en el pasado y hoy nos est\u00e1n acompa\u00f1ando ya con un subsidio directo a cada productor que quiera comprar un tractor\u201d.<\/p>\n\n\n\n<p>En su intervenci\u00f3n, el subsecretario del Trabajo, Francisco Javier Pinto Torres, exhort\u00f3 a las mujeres y hombres del campo a aprovechar el subsidio que entrega la administraci\u00f3n estatal y las opciones de financiamiento que ofrece la iniciativa privada a las y los productores, con el objetivo de fortalecer el sector primario de la entidad.<\/p>\n\n\n\n<p>\u201cHay descuentos \u00fanicos para la adquisici\u00f3n de maquinaria, para la mecanizaci\u00f3n de sus parcelas, de su campo y, adem\u00e1s, con el apoyo del Gobierno del Estado; a nosotros nos resta felicitarte, Jaime, por darle continuidad y la preocupaci\u00f3n que siempre has demostrado por el campo colimense\u201d, a\u00f1adi\u00f3 Pinto Torres<\/p>\n\n\n\n<p>En el evento tambi\u00e9n participaron el presidente estatal de FIRA, Secundino Rodr\u00edguez Esparza; la alcaldesa electa de Cuauht\u00e9moc, Ma Guadalupe Sol\u00eds Ram\u00edrez; el regidor de Villa de \u00c1lvarez, Roberto Rol\u00f3n; el presidente de la Uni\u00f3n Ganadera Regional de Colima, Jorge Antonio Salazar Barrag\u00e1n, as\u00ed como ejecutivos de las empresas participantes y dem\u00e1s funcionarios&nbsp;de&nbsp;la&nbsp;Subseder.<\/p>\n","protected":false},"excerpt":{"rendered":"<p>*Este viernes, la Subseder celebr\u00f3 la segunda \u2018Expo Maquinaria y Equipo Agropecuario 2024\u2019 en el Complejo Administrativo El Gobierno del Estado de Colima, a trav\u00e9s de la Subsecretar\u00eda de Desarrollo Rural (Subseder), celebr\u00f3 este viernes 23 de agosto la segunda \u2018Expo Maquinaria y Equipo Agropecuario 2024\u2019, en las instalaciones de Complejo Administrativo, en la que participaron ocho empresas distribuidoras de maquinaria y equipo agr\u00edcola, el Fideicomiso Instituido en Relaci\u00f3n con la Agricultura (FIRA) y tres instituciones para el financiamiento. En este marco y derivado de los recursos extraordinarios que la gobernadora Indira Vizca\u00edno Silva destin\u00f3 al fortalecimiento del campo colimense, [&hellip;]<\/p>\n","protected":false},"author":18,"featured_media":255814,"comment_status":"closed","ping_status":"closed","sticky":false,"template":"","format":"standard","meta":{"footnotes":""},"categories":[3],"tags":[],"class_list":["post-255813","post","type-post","status-publish","format-standard","has-post-thumbnail","hentry","category-colima"],"_links":{"self":[{"href":"https:\/\/vadenuez.info\/wp\/wp-json\/wp\/v2\/posts\/255813","targetHints":{"allow":["GET"]}}],"collection":[{"href":"https:\/\/vadenuez.info\/wp\/wp-json\/wp\/v2\/posts"}],"about":[{"href":"https:\/\/vadenuez.info\/wp\/wp-json\/wp\/v2\/types\/post"}],"author":[{"embeddable":true,"href":"https:\/\/vadenuez.info\/wp\/wp-json\/wp\/v2\/users\/18"}],"replies":[{"embeddable":true,"href":"https:\/\/vadenuez.info\/wp\/wp-json\/wp\/v2\/comments?post=255813"}],"version-history":[{"count":1,"href":"https:\/\/vadenuez.info\/wp\/wp-json\/wp\/v2\/posts\/255813\/revisions"}],"predecessor-version":[{"id":255815,"href":"https:\/\/vadenuez.info\/wp\/wp-json\/wp\/v2\/posts\/255813\/revisions\/255815"}],"wp:featuredmedia":[{"embeddable":true,"href":"https:\/\/vadenuez.info\/wp\/wp-json\/wp\/v2\/media\/255814"}],"wp:attachment":[{"href":"https:\/\/vadenuez.info\/wp\/wp-json\/wp\/v2\/media?parent=255813"}],"wp:term":[{"taxonomy":"category","embeddable":true,"href":"https:\/\/vadenuez.info\/wp\/wp-json\/wp\/v2\/categories?post=255813"},{"taxonomy":"post_tag","embeddable":true,"href":"https:\/\/vadenuez.info\/wp\/wp-json\/wp\/v2\/tags?post=255813"}],"curies":[{"name":"wp","href":"https:\/\/api.w.org\/{rel}","templated":true}]}}