{"id":246198,"date":"2024-01-23T16:52:35","date_gmt":"2024-01-23T22:52:35","guid":{"rendered":"https:\/\/vadenuez.info\/wp\/?p=246198"},"modified":"2024-01-23T17:32:00","modified_gmt":"2024-01-23T23:32:00","slug":"viri-valencia-rosi-bayardo-armando-reyna-y-memo-toscano-los-primeros-nombres-de-precandidatos-de-morena-para-las-presidencias-municipales-de-colima","status":"publish","type":"post","link":"https:\/\/vadenuez.info\/wp\/viri-valencia-rosi-bayardo-armando-reyna-y-memo-toscano-los-primeros-nombres-de-precandidatos-de-morena-para-las-presidencias-municipales-de-colima\/","title":{"rendered":"Viri Valencia, Rosi Bayardo, Armando Reyna y Memo Toscano, los primeros nombres de precandidatos de Morena para las presidencias municipales de Colima"},"content":{"rendered":"\n<p>La Comisi\u00f3n Nacional de Elecciones de Morena, a trav\u00e9s de un comunicado de prensa dio a conocer el nombre de las definiciones en diputaciones locales y presidencias municipales de varios estados de la Rep\u00fablica, en donde se incluye al estado de Colima.<\/p>\n\n\n\n<p>En el informaron que en el caso de las candidaturas a cuatro presidencias municipales en Colima quedan como sigue: Viridiana Valencia Vargas, para Colima; Rosa Mar\u00eda Bayardo Cabrera para Manzanillo; Armando Reyna Maga\u00f1a para Tecom\u00e1n y Guillermo Toscano Reyes, para Villa de \u00c1lvarez.<\/p>\n\n\n\n<p>Estas definiciones, aseguran cumplen \u201ccon el compromiso definitivo de garantizar espacios de participaci\u00f3n altamente competitivos para las mujeres y las acciones afirmativas para los grupos de atenci\u00f3n prioritaria en t\u00e9rminos de las disposiciones electorales vigentes\u201d.<\/p>\n\n\n\n<p>\u201cEn un proceso transparente, abierto y democr\u00e1tico en el que se inscribieron militantes y simpatizantes de manera libre, se llev\u00f3 a cabo una valoraci\u00f3n pol\u00edtica y de la trayectoria de todas las personas inscritas para desahogar el proceso estatutario de consensos y encuestas para definir a las compa\u00f1eras y compa\u00f1eros que representen al Movimiento de Transformaci\u00f3n\u201d, reiter\u00f3 el comunicado.<\/p>\n","protected":false},"excerpt":{"rendered":"<p>La Comisi\u00f3n Nacional de Elecciones de Morena, a trav\u00e9s de un comunicado de prensa dio a conocer el nombre de las definiciones en diputaciones locales y presidencias municipales de varios estados de la Rep\u00fablica, en donde se incluye al estado de Colima. En el informaron que en el caso de las candidaturas a cuatro presidencias municipales en Colima quedan como sigue: Viridiana Valencia Vargas, para Colima; Rosa Mar\u00eda Bayardo Cabrera para Manzanillo; Armando Reyna Maga\u00f1a para Tecom\u00e1n y Guillermo Toscano Reyes, para Villa de \u00c1lvarez. Estas definiciones, aseguran cumplen \u201ccon el compromiso definitivo de garantizar espacios de participaci\u00f3n altamente competitivos [&hellip;]<\/p>\n","protected":false},"author":18,"featured_media":246205,"comment_status":"closed","ping_status":"closed","sticky":false,"template":"","format":"standard","meta":{"footnotes":""},"categories":[3,12],"tags":[],"class_list":["post-246198","post","type-post","status-publish","format-standard","has-post-thumbnail","hentry","category-colima","category-destacadas"],"_links":{"self":[{"href":"https:\/\/vadenuez.info\/wp\/wp-json\/wp\/v2\/posts\/246198","targetHints":{"allow":["GET"]}}],"collection":[{"href":"https:\/\/vadenuez.info\/wp\/wp-json\/wp\/v2\/posts"}],"about":[{"href":"https:\/\/vadenuez.info\/wp\/wp-json\/wp\/v2\/types\/post"}],"author":[{"embeddable":true,"href":"https:\/\/vadenuez.info\/wp\/wp-json\/wp\/v2\/users\/18"}],"replies":[{"embeddable":true,"href":"https:\/\/vadenuez.info\/wp\/wp-json\/wp\/v2\/comments?post=246198"}],"version-history":[{"count":1,"href":"https:\/\/vadenuez.info\/wp\/wp-json\/wp\/v2\/posts\/246198\/revisions"}],"predecessor-version":[{"id":246200,"href":"https:\/\/vadenuez.info\/wp\/wp-json\/wp\/v2\/posts\/246198\/revisions\/246200"}],"wp:featuredmedia":[{"embeddable":true,"href":"https:\/\/vadenuez.info\/wp\/wp-json\/wp\/v2\/media\/246205"}],"wp:attachment":[{"href":"https:\/\/vadenuez.info\/wp\/wp-json\/wp\/v2\/media?parent=246198"}],"wp:term":[{"taxonomy":"category","embeddable":true,"href":"https:\/\/vadenuez.info\/wp\/wp-json\/wp\/v2\/categories?post=246198"},{"taxonomy":"post_tag","embeddable":true,"href":"https:\/\/vadenuez.info\/wp\/wp-json\/wp\/v2\/tags?post=246198"}],"curies":[{"name":"wp","href":"https:\/\/api.w.org\/{rel}","templated":true}]}}