{"id":246165,"date":"2024-01-22T21:31:23","date_gmt":"2024-01-23T03:31:23","guid":{"rendered":"https:\/\/vadenuez.info\/wp\/?p=246165"},"modified":"2024-01-22T21:31:25","modified_gmt":"2024-01-23T03:31:25","slug":"titular-del-incode-se-reune-con-autoridades-de-conade-propone-a-colima-como-sede-de-mas-eventos-deportivos-internacionales","status":"publish","type":"post","link":"https:\/\/vadenuez.info\/wp\/titular-del-incode-se-reune-con-autoridades-de-conade-propone-a-colima-como-sede-de-mas-eventos-deportivos-internacionales\/","title":{"rendered":"Titular del Incode se re\u00fane con autoridades de Conade; propone a Colima como sede de m\u00e1s eventos deportivos internacionales"},"content":{"rendered":"\n<p><em>* Entre los temas tratados, destaca la pr\u00f3xima reuni\u00f3n del Sinade en la entidad, los Nacionales Conade 2024 y m\u00e1s eventos deportivos<\/em><\/p>\n\n\n\n<p>El director general del Instituto Colimense del Deporte (Incode), Alejandro Rodr\u00edguez Alvarado, se\u00f1al\u00f3 que el gobierno que encabeza Indira Vizca\u00edno Silva apuesta por el deporte de alto nivel, por lo cual, se reuni\u00f3 con autoridades de la Comisi\u00f3n Nacional de Cultura F\u00edsica y Deporte (Conade) para preparar a Colima como sede de la reuni\u00f3n del Sistema Nacional de Cultura F\u00edsica y Deporte (Sinade) en abril, adem\u00e1s de gestionar la posibilidad de ser sede de eventos deportivos de talla internacional.<\/p>\n\n\n\n<p>En primera instancia, el titular del Incode se reuni\u00f3 con Adolfo Fierro Rodr\u00edguez, subdirector del Deporte en la Conade y con Jos\u00e9 Luis Rodr\u00edguez Gonz\u00e1lez, director del Departamento de Soporte al Sinade, para detallar la pr\u00f3xima reuni\u00f3n de este organismo en Colima, donde las y los directores de los institutos del deporte de todo el pa\u00eds y de las federaciones en diferentes disciplinas, tratar\u00e1n temas de suma importancia para el deporte nacional, as\u00ed como los eventos que se desarrollar\u00e1n en el pa\u00eds durante el 2024.<\/p>\n\n\n\n<p>En su visita a la Conade, se reuni\u00f3 tambi\u00e9n con Israel Ben\u00edtez Morteo, subdirector de Calidad para el Deporte en la Conade, con qui\u00e9n platic\u00f3 sobre la posibilidad de que Colima sea subsede de Nacionales Conade 2024, en deportes como el futbol asociaci\u00f3n, voleibol, balonmano, ajedrez y surf, adem\u00e1s de poder albergar otros eventos deportivos de talla nacional e internacional como alg\u00fan panamericano.<\/p>\n\n\n\n<p>Rodr\u00edguez Alvarado, destac\u00f3 que, durante su visita a la Ciudad de M\u00e9xico encontr\u00f3 muy buena respuesta por parte de las autoridades de la Conade, quienes mostraron gran inter\u00e9s en trabajar con el estado, pues ven una atractiva oportunidad de tener a Colima como sede deportiva, por el buen momento en el que se encuentra la entidad en diferentes&nbsp;aspectos.<\/p>\n","protected":false},"excerpt":{"rendered":"<p>* Entre los temas tratados, destaca la pr\u00f3xima reuni\u00f3n del Sinade en la entidad, los Nacionales Conade 2024 y m\u00e1s eventos deportivos El director general del Instituto Colimense del Deporte (Incode), Alejandro Rodr\u00edguez Alvarado, se\u00f1al\u00f3 que el gobierno que encabeza Indira Vizca\u00edno Silva apuesta por el deporte de alto nivel, por lo cual, se reuni\u00f3 con autoridades de la Comisi\u00f3n Nacional de Cultura F\u00edsica y Deporte (Conade) para preparar a Colima como sede de la reuni\u00f3n del Sistema Nacional de Cultura F\u00edsica y Deporte (Sinade) en abril, adem\u00e1s de gestionar la posibilidad de ser sede de eventos deportivos de talla [&hellip;]<\/p>\n","protected":false},"author":18,"featured_media":246166,"comment_status":"closed","ping_status":"closed","sticky":false,"template":"","format":"standard","meta":{"footnotes":""},"categories":[6],"tags":[],"class_list":["post-246165","post","type-post","status-publish","format-standard","has-post-thumbnail","hentry","category-deportes"],"_links":{"self":[{"href":"https:\/\/vadenuez.info\/wp\/wp-json\/wp\/v2\/posts\/246165","targetHints":{"allow":["GET"]}}],"collection":[{"href":"https:\/\/vadenuez.info\/wp\/wp-json\/wp\/v2\/posts"}],"about":[{"href":"https:\/\/vadenuez.info\/wp\/wp-json\/wp\/v2\/types\/post"}],"author":[{"embeddable":true,"href":"https:\/\/vadenuez.info\/wp\/wp-json\/wp\/v2\/users\/18"}],"replies":[{"embeddable":true,"href":"https:\/\/vadenuez.info\/wp\/wp-json\/wp\/v2\/comments?post=246165"}],"version-history":[{"count":1,"href":"https:\/\/vadenuez.info\/wp\/wp-json\/wp\/v2\/posts\/246165\/revisions"}],"predecessor-version":[{"id":246167,"href":"https:\/\/vadenuez.info\/wp\/wp-json\/wp\/v2\/posts\/246165\/revisions\/246167"}],"wp:featuredmedia":[{"embeddable":true,"href":"https:\/\/vadenuez.info\/wp\/wp-json\/wp\/v2\/media\/246166"}],"wp:attachment":[{"href":"https:\/\/vadenuez.info\/wp\/wp-json\/wp\/v2\/media?parent=246165"}],"wp:term":[{"taxonomy":"category","embeddable":true,"href":"https:\/\/vadenuez.info\/wp\/wp-json\/wp\/v2\/categories?post=246165"},{"taxonomy":"post_tag","embeddable":true,"href":"https:\/\/vadenuez.info\/wp\/wp-json\/wp\/v2\/tags?post=246165"}],"curies":[{"name":"wp","href":"https:\/\/api.w.org\/{rel}","templated":true}]}}