{"id":246154,"date":"2024-01-22T21:26:02","date_gmt":"2024-01-23T03:26:02","guid":{"rendered":"https:\/\/vadenuez.info\/wp\/?p=246154"},"modified":"2024-01-22T21:26:04","modified_gmt":"2024-01-23T03:26:04","slug":"subsectur-colima-presenta-numeros-positivos-que-dejo-2023-al-turismo-estatal-y-plan-de-trabajo-para-2024","status":"publish","type":"post","link":"https:\/\/vadenuez.info\/wp\/subsectur-colima-presenta-numeros-positivos-que-dejo-2023-al-turismo-estatal-y-plan-de-trabajo-para-2024\/","title":{"rendered":"Subsectur Colima presenta n\u00fameros positivos que dej\u00f3 2023 al turismo estatal y plan de trabajo para 2024"},"content":{"rendered":"\n<p><em>* En reuni\u00f3n con representantes de los sectores hotelero, restaurantero y de servicios, el subsecretario de Turismo adelant\u00f3 que este 2024 ser\u00e1 un a\u00f1o de consolidar las acciones positivas y de redoblar esfuerzos en \u00e1reas de oportunidad<\/em><\/p>\n\n\n\n<p>La ma\u00f1ana de este lunes, en la ciudad de Manzanillo, se realiz\u00f3 una reuni\u00f3n entre autoridades de la Subsecretar\u00eda de Turismo (Subsectur) del Gobierno del Estado, encabezadas por su titular Jorge Padilla Castillo y representantes de distintas asociaciones de los sectores hotelero, restaurantero y de servicios tur\u00edsticos, donde se presentaron los resultados de 2023 y un plan general de trabajo para este 2024.<\/p>\n\n\n\n<p>En la presentaci\u00f3n, Jorge Padilla mostr\u00f3, adem\u00e1s de un balance de todas las actividades realizadas en 2023, indicadores estad\u00edsticos positivos entre los que destacan una derrama econ\u00f3mica de casi 5 mil millones de pesos, lo que represent\u00f3 un aumento del 11.20% respecto al a\u00f1o anterior; afluencia de m\u00e1s de 1.5 millones de turistas, que significaron 11.94% m\u00e1s que 2022; y que la ocupaci\u00f3n hotelera promedio super\u00f3 por primera vez los 50 puntos porcentuales, un salto considerable comparado con el 44.56% del a\u00f1o anterior.<\/p>\n\n\n\n<p>INVERSI\u00d3N HIST\u00d3RICA<\/p>\n\n\n\n<p>Agreg\u00f3 que 2023 tuvo una inversi\u00f3n hist\u00f3rica en diferentes estrategias de promoci\u00f3n como eventos, campa\u00f1as publicitarias y participaci\u00f3n en eventos tur\u00edsticos nacionales e internacionales; adem\u00e1s, el estado tuvo presencia en eventos como el Tianguis Internacional de Pueblos M\u00e1gicos, Houston Travel Fest, Tianguis Tur\u00edstico Nacional en CDMX, Expo Golf, entre muchos otros, que junto con los eventos realizados dentro del estado como el Festival Costero del Papalote y Manzanillo se Ilumina, representaron una inversi\u00f3n de alrededor de 24 millones de pesos con el objetivo de fortalecer la presencia de Colima como destino importante en M\u00e9xico.<\/p>\n\n\n\n<p>2024: RETOS Y OPORTUNIDADES<\/p>\n\n\n\n<p>Aunque en 2023 se obtuvieron resultados destacados, tanto la Subsectur como el sector privado reconocen que este a\u00f1o existen \u00e1reas de oportunidad para mejorar y atender temas que requieren mayor atenci\u00f3n para seguir consolidando a Colima como un destino tur\u00edstico atractivo, por lo que acordaron seguir trabajando en equipo para mantener esta curva de crecimiento y convertir al sector de servicios de alojamiento temporal y de preparaci\u00f3n de alimentos y bebidas en un agente econ\u00f3mico a\u00fan m\u00e1s importante para el producto interno bruto estatal.<\/p>\n\n\n\n<p>Por parte del sector privado, acudieron representantes de distintas organizaciones, como el Consejo Nacional Empresarial Tur\u00edstico (CNET) -que agrupa a todas las c\u00e1maras y asociaciones del sector tur\u00edstico-; la Asociaci\u00f3n Mexicana de Hoteles y Moteles (AMHM); Hoteles Asociados de Colima y Zona Norte A.C.; la C\u00e1mara Nacional de la Industria de Restaurantes y Alimentos Condimentados (Canirac); la Asociaci\u00f3n de Servicios N\u00e1uticos, as\u00ed como gu\u00edas&nbsp;de&nbsp;turistas.<\/p>\n","protected":false},"excerpt":{"rendered":"<p>* En reuni\u00f3n con representantes de los sectores hotelero, restaurantero y de servicios, el subsecretario de Turismo adelant\u00f3 que este 2024 ser\u00e1 un a\u00f1o de consolidar las acciones positivas y de redoblar esfuerzos en \u00e1reas de oportunidad La ma\u00f1ana de este lunes, en la ciudad de Manzanillo, se realiz\u00f3 una reuni\u00f3n entre autoridades de la Subsecretar\u00eda de Turismo (Subsectur) del Gobierno del Estado, encabezadas por su titular Jorge Padilla Castillo y representantes de distintas asociaciones de los sectores hotelero, restaurantero y de servicios tur\u00edsticos, donde se presentaron los resultados de 2023 y un plan general de trabajo para este 2024. [&hellip;]<\/p>\n","protected":false},"author":18,"featured_media":246155,"comment_status":"closed","ping_status":"closed","sticky":false,"template":"","format":"standard","meta":{"footnotes":""},"categories":[3],"tags":[],"class_list":["post-246154","post","type-post","status-publish","format-standard","has-post-thumbnail","hentry","category-colima"],"_links":{"self":[{"href":"https:\/\/vadenuez.info\/wp\/wp-json\/wp\/v2\/posts\/246154","targetHints":{"allow":["GET"]}}],"collection":[{"href":"https:\/\/vadenuez.info\/wp\/wp-json\/wp\/v2\/posts"}],"about":[{"href":"https:\/\/vadenuez.info\/wp\/wp-json\/wp\/v2\/types\/post"}],"author":[{"embeddable":true,"href":"https:\/\/vadenuez.info\/wp\/wp-json\/wp\/v2\/users\/18"}],"replies":[{"embeddable":true,"href":"https:\/\/vadenuez.info\/wp\/wp-json\/wp\/v2\/comments?post=246154"}],"version-history":[{"count":1,"href":"https:\/\/vadenuez.info\/wp\/wp-json\/wp\/v2\/posts\/246154\/revisions"}],"predecessor-version":[{"id":246156,"href":"https:\/\/vadenuez.info\/wp\/wp-json\/wp\/v2\/posts\/246154\/revisions\/246156"}],"wp:featuredmedia":[{"embeddable":true,"href":"https:\/\/vadenuez.info\/wp\/wp-json\/wp\/v2\/media\/246155"}],"wp:attachment":[{"href":"https:\/\/vadenuez.info\/wp\/wp-json\/wp\/v2\/media?parent=246154"}],"wp:term":[{"taxonomy":"category","embeddable":true,"href":"https:\/\/vadenuez.info\/wp\/wp-json\/wp\/v2\/categories?post=246154"},{"taxonomy":"post_tag","embeddable":true,"href":"https:\/\/vadenuez.info\/wp\/wp-json\/wp\/v2\/tags?post=246154"}],"curies":[{"name":"wp","href":"https:\/\/api.w.org\/{rel}","templated":true}]}}