{"id":246151,"date":"2024-01-22T21:24:07","date_gmt":"2024-01-23T03:24:07","guid":{"rendered":"https:\/\/vadenuez.info\/wp\/?p=246151"},"modified":"2024-01-22T21:24:08","modified_gmt":"2024-01-23T03:24:08","slug":"realizaran-peregrinacion-religiosa-para-salvar-el-manglar-de-cuyutlan","status":"publish","type":"post","link":"https:\/\/vadenuez.info\/wp\/realizaran-peregrinacion-religiosa-para-salvar-el-manglar-de-cuyutlan\/","title":{"rendered":"Realizar\u00e1n peregrinaci\u00f3n religiosa para salvar el manglar de Cuyutl\u00e1n"},"content":{"rendered":"\n<ul class=\"wp-block-list\">\n<li>Ciudadanos realizan una peregrinaci\u00f3n a pie de 7 d\u00edas desde Cuyutl\u00e1n para pedir protecci\u00f3n a la Virgen de Talpa para el manglar y las salinas en Cuyutl\u00e1n<\/li>\n\n\n\n<li>Salida: Martes 23 de enero a las 23:30 hrs en el Jard\u00edn Principal de Cuyutl\u00e1n<\/li>\n\n\n\n<li>En 2023 la empresa Fermachem inici\u00f3 un proceso para instalar una f\u00e1brica de amonio y urea a 3km del Estero Palo Verde<\/li>\n<\/ul>\n\n\n\n<p>Un grupo de ciudadanos de Cuyutl\u00e1n, Armer\u00eda, realizar\u00e1n una peregrinaci\u00f3n religiosa para pedir a la Virgen de Talpa por la protecci\u00f3n del Estero Palo Verde y las salinas de Cuyutl\u00e1n, patrimonio biol\u00f3gico y cultural del estado de Colima y de M\u00e9xico.<\/p>\n\n\n\n<p>El punto de salida es el Jard\u00edn Principal de Cuyutl\u00e1n y saldr\u00e1n a las 23:30 hrs del martes 23 de enero del 2024.<\/p>\n\n\n\n<p>Es de se\u00f1alar que en 2023 la empresa Fermachem solicit\u00f3 a la Secretar\u00eda de Medio Ambiente y Recursos Naturales (SEMARNAT) autorizaci\u00f3n para colocar una planta que producir\u00eda tres mil 500 toneladas m\u00e9tricas de amoniaco por d\u00eda y dos mil 860 de urea, a escasos tres kil\u00f3metros de la cabecera municipal, en las inmediaciones del estero Palo Verde, del tortugario y del Vaso IV de la Laguna de Cuyutl\u00e1n.<\/p>\n\n\n\n<p>Habitantes del poblado de Cuyutl\u00e1n, la Sociedad Cooperativa de Salineros del Estado de Colima y organizaciones sociales realizaron diversas manifestaciones en contra de esta planta en septiembre del 2023, ya que el amoniaco es una sustancia altamente corrosiva y representa un peligro para la salud humana, su exposici\u00f3n puede causar graves da\u00f1os a la piel, los ojos y los pulmones, incluyendo la posibilidad de ceguera permanente, enfermedades pulmonares y hasta la muerte.<\/p>\n\n\n\n<p>Por tratarse de una zona altamente s\u00edsmica la planta ser\u00eda susceptible a inundaciones y quedar\u00eda expuesta a huracanes y ciclones, lo que aumentar\u00eda el riesgo de fugas que podr\u00edan poner en peligro a m\u00e1s de 15 mil personas que residen en el municipio de Armer\u00eda, as\u00ed como a las comunidades circundantes y los ecosistemas vitales.<\/p>\n\n\n\n<p>Adicionalmente, se pretende instalar una planta desaladora para extraer y tratar agua de mar, proceso \u201cse\u00f1alado por organismos internacionales como perjudicial para los ecosistemas marinos, ya que por cada litro de agua potable producida se genera 1.5 litros de salmuera que, en la mayor\u00eda de los casos, se devuelve al mar, lo que puede contribuir a aumentar la temperatura del agua y a reducir el ox\u00edgeno en ella, lo que causar\u00eda graves da\u00f1os a la vida marina\u201d.<\/p>\n\n\n\n<p>A finales del 2023 la empresa Fermachem desisti\u00f3 del proceso y por procedimiento oficial pasar\u00e1n 6 meses para que la empresa pueda volver a realizar la solicitud. El 19 de enero del 24 el Diario de Colima public\u00f3 una noticia anunciando que el proyecto de la planta de nitrogenados sigue firme y en pie y que se retir\u00f3 la solicitud para adecuarla y presentarla nuevamente.<\/p>\n\n\n\n<p>Por esta raz\u00f3n ciudadanos de Cuyutl\u00e1n consideran que es preciso seguir protegiendo a todas las especies que habitan esta zona en la cual est\u00e1n ubicados los vasos III y IV de la Laguna de Cuyutl\u00e1n que actualmente son sitio RAMSAR, humedales de importancia internacional (declarada en 2011), debido a su gran biodiversidad y la enorme afluencia de aves migratorias.<\/p>\n\n\n\n<p>De las 440 especies residentes y migratorias reportadas para el estado de Colima, 130 (29.54%), est\u00e1n presentes en el Estero Palo-Verde y de ellas 12 especies se encuentran en las categor\u00edas de peligro de extinci\u00f3n, protecci\u00f3n especial y rara. Cabe destacar que el 3 de enero del 2024 el Centro Ecol\u00f3gico de Cuyutl\u00e1n \u201cEl Tortugario\u201d asegur\u00f3 un nido de tortuga La\u00fad, una especie que se encuentra en Peligro Cr\u00edtico de Extinci\u00f3n.<\/p>\n\n\n\n<p>Los manglares no solo son importantes por su gran biodiversidad, tambi\u00e9n ayudan al ser humano porque controlan las inundaciones en la zona costera, son una protecci\u00f3n frente a huracanes e intrusi\u00f3n salina. Tambi\u00e9n controlan la erosi\u00f3n de las cosas y filtran el agua mejorando su calidad.<\/p>\n\n\n\n<p>En la zona tambi\u00e9n se produce la sal de Cuyutl\u00e1n, tambi\u00e9n llamada \u201cel Oro blanco de Occidente\u201d, que se cree ha sido sitio de producci\u00f3n de sal desde tiempos prehisp\u00e1nicos pero que alcanz\u00f3 su m\u00e1ximo desarrollo en la mitad del siglo XVI cuando la industria minera dedicada a la extracci\u00f3n de plata requer\u00eda grandes toneladas de sal para sus labores. Hoy en d\u00eda es una de las sales m\u00e1s cotizadas del mundo y es producida por la Sociedad Cooperativa de Salineros de Colima que existe desde el a\u00f1o de 1925.<\/p>\n\n\n\n<p>Habitantes preocupados por preservar el patrimonio biocultural de Cuyutl\u00e1n har\u00e1n una peregrinaci\u00f3n de 7 d\u00edas a pie para pedir a la Virgen de Talpa por la protecci\u00f3n de las especies de flora y fauna y la preservaci\u00f3n del patrimonio cultural e hist\u00f3rico de las salinas de Cuyutl\u00e1n durante todo el a\u00f1o 2024.<\/p>\n","protected":false},"excerpt":{"rendered":"<p>Un grupo de ciudadanos de Cuyutl\u00e1n, Armer\u00eda, realizar\u00e1n una peregrinaci\u00f3n religiosa para pedir a la Virgen de Talpa por la protecci\u00f3n del Estero Palo Verde y las salinas de Cuyutl\u00e1n, patrimonio biol\u00f3gico y cultural del estado de Colima y de M\u00e9xico. El punto de salida es el Jard\u00edn Principal de Cuyutl\u00e1n y saldr\u00e1n a las 23:30 hrs del martes 23 de enero del 2024. Es de se\u00f1alar que en 2023 la empresa Fermachem solicit\u00f3 a la Secretar\u00eda de Medio Ambiente y Recursos Naturales (SEMARNAT) autorizaci\u00f3n para colocar una planta que producir\u00eda tres mil 500 toneladas m\u00e9tricas de amoniaco por d\u00eda [&hellip;]<\/p>\n","protected":false},"author":18,"featured_media":246152,"comment_status":"closed","ping_status":"closed","sticky":false,"template":"","format":"standard","meta":{"footnotes":""},"categories":[632],"tags":[],"class_list":["post-246151","post","type-post","status-publish","format-standard","has-post-thumbnail","hentry","category-municipios"],"_links":{"self":[{"href":"https:\/\/vadenuez.info\/wp\/wp-json\/wp\/v2\/posts\/246151","targetHints":{"allow":["GET"]}}],"collection":[{"href":"https:\/\/vadenuez.info\/wp\/wp-json\/wp\/v2\/posts"}],"about":[{"href":"https:\/\/vadenuez.info\/wp\/wp-json\/wp\/v2\/types\/post"}],"author":[{"embeddable":true,"href":"https:\/\/vadenuez.info\/wp\/wp-json\/wp\/v2\/users\/18"}],"replies":[{"embeddable":true,"href":"https:\/\/vadenuez.info\/wp\/wp-json\/wp\/v2\/comments?post=246151"}],"version-history":[{"count":1,"href":"https:\/\/vadenuez.info\/wp\/wp-json\/wp\/v2\/posts\/246151\/revisions"}],"predecessor-version":[{"id":246153,"href":"https:\/\/vadenuez.info\/wp\/wp-json\/wp\/v2\/posts\/246151\/revisions\/246153"}],"wp:featuredmedia":[{"embeddable":true,"href":"https:\/\/vadenuez.info\/wp\/wp-json\/wp\/v2\/media\/246152"}],"wp:attachment":[{"href":"https:\/\/vadenuez.info\/wp\/wp-json\/wp\/v2\/media?parent=246151"}],"wp:term":[{"taxonomy":"category","embeddable":true,"href":"https:\/\/vadenuez.info\/wp\/wp-json\/wp\/v2\/categories?post=246151"},{"taxonomy":"post_tag","embeddable":true,"href":"https:\/\/vadenuez.info\/wp\/wp-json\/wp\/v2\/tags?post=246151"}],"curies":[{"name":"wp","href":"https:\/\/api.w.org\/{rel}","templated":true}]}}