{"id":246110,"date":"2024-01-22T10:30:30","date_gmt":"2024-01-22T16:30:30","guid":{"rendered":"https:\/\/vadenuez.info\/wp\/?p=246110"},"modified":"2024-01-22T10:30:31","modified_gmt":"2024-01-22T16:30:31","slug":"ejercito-mexicano-destruye-270-armas-decomisadas-en-colima","status":"publish","type":"post","link":"https:\/\/vadenuez.info\/wp\/ejercito-mexicano-destruye-270-armas-decomisadas-en-colima\/","title":{"rendered":"Ej\u00e9rcito Mexicano destruye 270 armas decomisadas en Colima"},"content":{"rendered":"\n<p>En ceremonia llevada a cabo en las instalaciones de la Vig\u00e9sima Zona Militar, en Colima, el Ej\u00e9rcito Mexicano destruy\u00f3 270 armas decomisadas en la entidad conforme a lo establecido en el Procedimiento Sistem\u00e1tico de Operar para el Control, Destrucci\u00f3n y Aprovechamiento L\u00edcito de las Armas de Fuego Decomisadas.<\/p>\n\n\n\n<p>Encabezada por el comandante, el general Juan Bravo Vel\u00e1zquez, acompa\u00f1ado de la secretar\u00eda general de Gobierno, Ma. Guadalupe Sol\u00eds Ram\u00edrez, as\u00ed como funcionarios estatales y federales, los elementos castrenses inutilizaron 270 armas de fuego (194 cortas y 76 largas), 338 cargadores para diferentes armas, 96 cascos y 20 ojivas.<\/p>\n\n\n\n<p>El material decomisado fue inspeccionado, desorganizado y seccionado, dando certeza y confianza a la sociedad de que el armamento decomisado fue destruido, perdiendo plenamente sus caracter\u00edsticas y particularidades para las cuales fue creado.<\/p>\n\n\n\n<p>Con estas acciones, el Ej\u00e9rcito Mexicano refrenda su compromiso de velar y salvaguardar el bienestar de los ciudadanos, contribuyendo con el Gobierno de M\u00e9xico para garantizar la paz y seguridad de&nbsp;la&nbsp;poblaci\u00f3n.<\/p>\n","protected":false},"excerpt":{"rendered":"<p>En ceremonia llevada a cabo en las instalaciones de la Vig\u00e9sima Zona Militar, en Colima, el Ej\u00e9rcito Mexicano destruy\u00f3 270 armas decomisadas en la entidad conforme a lo establecido en el Procedimiento Sistem\u00e1tico de Operar para el Control, Destrucci\u00f3n y Aprovechamiento L\u00edcito de las Armas de Fuego Decomisadas. Encabezada por el comandante, el general Juan Bravo Vel\u00e1zquez, acompa\u00f1ado de la secretar\u00eda general de Gobierno, Ma. Guadalupe Sol\u00eds Ram\u00edrez, as\u00ed como funcionarios estatales y federales, los elementos castrenses inutilizaron 270 armas de fuego (194 cortas y 76 largas), 338 cargadores para diferentes armas, 96 cascos y 20 ojivas. El material decomisado [&hellip;]<\/p>\n","protected":false},"author":18,"featured_media":246111,"comment_status":"closed","ping_status":"closed","sticky":false,"template":"","format":"standard","meta":{"footnotes":""},"categories":[3],"tags":[],"class_list":["post-246110","post","type-post","status-publish","format-standard","has-post-thumbnail","hentry","category-colima"],"_links":{"self":[{"href":"https:\/\/vadenuez.info\/wp\/wp-json\/wp\/v2\/posts\/246110","targetHints":{"allow":["GET"]}}],"collection":[{"href":"https:\/\/vadenuez.info\/wp\/wp-json\/wp\/v2\/posts"}],"about":[{"href":"https:\/\/vadenuez.info\/wp\/wp-json\/wp\/v2\/types\/post"}],"author":[{"embeddable":true,"href":"https:\/\/vadenuez.info\/wp\/wp-json\/wp\/v2\/users\/18"}],"replies":[{"embeddable":true,"href":"https:\/\/vadenuez.info\/wp\/wp-json\/wp\/v2\/comments?post=246110"}],"version-history":[{"count":1,"href":"https:\/\/vadenuez.info\/wp\/wp-json\/wp\/v2\/posts\/246110\/revisions"}],"predecessor-version":[{"id":246112,"href":"https:\/\/vadenuez.info\/wp\/wp-json\/wp\/v2\/posts\/246110\/revisions\/246112"}],"wp:featuredmedia":[{"embeddable":true,"href":"https:\/\/vadenuez.info\/wp\/wp-json\/wp\/v2\/media\/246111"}],"wp:attachment":[{"href":"https:\/\/vadenuez.info\/wp\/wp-json\/wp\/v2\/media?parent=246110"}],"wp:term":[{"taxonomy":"category","embeddable":true,"href":"https:\/\/vadenuez.info\/wp\/wp-json\/wp\/v2\/categories?post=246110"},{"taxonomy":"post_tag","embeddable":true,"href":"https:\/\/vadenuez.info\/wp\/wp-json\/wp\/v2\/tags?post=246110"}],"curies":[{"name":"wp","href":"https:\/\/api.w.org\/{rel}","templated":true}]}}