{"id":246107,"date":"2024-01-22T10:26:21","date_gmt":"2024-01-22T16:26:21","guid":{"rendered":"https:\/\/vadenuez.info\/wp\/?p=246107"},"modified":"2024-01-22T10:26:23","modified_gmt":"2024-01-22T16:26:23","slug":"gobierno-colima-reitera-llamado-para-registrarse-en-mi-colibeca-para-empezar","status":"publish","type":"post","link":"https:\/\/vadenuez.info\/wp\/gobierno-colima-reitera-llamado-para-registrarse-en-mi-colibeca-para-empezar\/","title":{"rendered":"Gobierno Colima reitera llamado para registrarse en \u2018Mi ColiBeca para empezar\u2019"},"content":{"rendered":"\n<p>*** Sebiinsom recuerda que el registro es en l\u00ednea y la fecha de cierre es este viernes 26 de enero<\/p>\n\n\n\n<p>El Gobierno del Estado de Colima, a trav\u00e9s de la Secretar\u00eda de Bienestar, Inclusi\u00f3n Social y Mujeres (Sebiinsom), recuerda a madres y padres de familia que tengan hijas e hijos en nivel preescolar y primarias p\u00fablicas en toda la entidad, que \u00e9sta es la \u00faltima semana para registrarse en \u2018Mi ColiBeca para empezar&#8217;, pues el periodo de inscripci\u00f3n concluir\u00e1 el pr\u00f3ximo viernes 26 de enero.<\/p>\n\n\n\n<p>Sebiinsom recuerda que el registro es v\u00eda internet en la plataforma https:\/\/pii.secolima.gob.mx\/portal-alumno; y con esta nueva vertiente del programa ColiBecas se beneficiar\u00e1 a m\u00e1s de 66 mil ni\u00f1as y ni\u00f1os de escuelas p\u00fablicas de preescolar y primaria de todo el estado de Colima, con una inversi\u00f3n superior a 133 millones de pesos.<\/p>\n\n\n\n<p>Es muy importante contemplar que la madre, padre o persona tutora, deber\u00e1 realizar un registro por cada estudiante, utilizando la CURP y la CURA; el registro es a trav\u00e9s del portal \u201cMi alumno\u201d y deber\u00e1n capturar su nombre completo (madre\/padre\/tutor), ya que ser\u00e1 el o la responsable ante la instituci\u00f3n bancaria, as\u00ed como su CURP, domicilio y n\u00famero de tel\u00e9fono celular. Podr\u00e1n inscribirse todas las alumnas y todos los alumnos que no cuenten con la \u2018Beca Bienestar Benito Ju\u00e1rez\u2019, que tambi\u00e9n otorga el Gobierno de M\u00e9xico.<\/p>\n\n\n\n<p>La iniciativa de ColiBecas que ha implementado la administraci\u00f3n estatal que encabeza la gobernadora Indira Vizca\u00edno Silva, ampliar\u00e1 los apoyos a la educaci\u00f3n en los niveles de preescolar y primaria, ya que se beneficiar\u00e1 a los m\u00e1s de 66 mil ni\u00f1os y ni\u00f1as de escuelas p\u00fablicas de toda la entidad.<\/p>\n\n\n\n<p>A las beneficiarias y los beneficiarios se les comunicar\u00e1 a trav\u00e9s de su plantel educativo el d\u00eda y hora de entrega del apoyo, as\u00ed como la importancia de llevar original y dos copias (para cotejar la informaci\u00f3n) del acta de nacimiento y la CURP del(a) estudiante. Para poder cobrar, la persona validada (padre, madre o persona tutora) que ser\u00e1 la misma que llen\u00f3 el registro, deber\u00e1 presentar una identificaci\u00f3n oficial vigente con fotograf\u00eda, para verificar sus datos.<\/p>\n\n\n\n<p>\u2018Mi ColiBeca para empezar&#8217; consiste en una aportaci\u00f3n econ\u00f3mica de 400 pesos bimestrales, la cual ser\u00e1 entregada durante cinco bimestres en este a\u00f1o 2024 a estudiantes de estos niveles educativos. El Gobierno de Colima busca que las familias colimenses tengan este ingreso adicional, que pueda ser beneficioso para la educaci\u00f3n de las y los infantes que cursan preescolar y primaria en instituciones&nbsp;p\u00fablicas.<\/p>\n","protected":false},"excerpt":{"rendered":"<p>*** Sebiinsom recuerda que el registro es en l\u00ednea y la fecha de cierre es este viernes 26 de enero El Gobierno del Estado de Colima, a trav\u00e9s de la Secretar\u00eda de Bienestar, Inclusi\u00f3n Social y Mujeres (Sebiinsom), recuerda a madres y padres de familia que tengan hijas e hijos en nivel preescolar y primarias p\u00fablicas en toda la entidad, que \u00e9sta es la \u00faltima semana para registrarse en \u2018Mi ColiBeca para empezar&#8217;, pues el periodo de inscripci\u00f3n concluir\u00e1 el pr\u00f3ximo viernes 26 de enero. Sebiinsom recuerda que el registro es v\u00eda internet en la plataforma https:\/\/pii.secolima.gob.mx\/portal-alumno; y con esta [&hellip;]<\/p>\n","protected":false},"author":2,"featured_media":246108,"comment_status":"closed","ping_status":"closed","sticky":false,"template":"","format":"standard","meta":{"footnotes":""},"categories":[3,12],"tags":[],"class_list":["post-246107","post","type-post","status-publish","format-standard","has-post-thumbnail","hentry","category-colima","category-destacadas"],"_links":{"self":[{"href":"https:\/\/vadenuez.info\/wp\/wp-json\/wp\/v2\/posts\/246107","targetHints":{"allow":["GET"]}}],"collection":[{"href":"https:\/\/vadenuez.info\/wp\/wp-json\/wp\/v2\/posts"}],"about":[{"href":"https:\/\/vadenuez.info\/wp\/wp-json\/wp\/v2\/types\/post"}],"author":[{"embeddable":true,"href":"https:\/\/vadenuez.info\/wp\/wp-json\/wp\/v2\/users\/2"}],"replies":[{"embeddable":true,"href":"https:\/\/vadenuez.info\/wp\/wp-json\/wp\/v2\/comments?post=246107"}],"version-history":[{"count":1,"href":"https:\/\/vadenuez.info\/wp\/wp-json\/wp\/v2\/posts\/246107\/revisions"}],"predecessor-version":[{"id":246109,"href":"https:\/\/vadenuez.info\/wp\/wp-json\/wp\/v2\/posts\/246107\/revisions\/246109"}],"wp:featuredmedia":[{"embeddable":true,"href":"https:\/\/vadenuez.info\/wp\/wp-json\/wp\/v2\/media\/246108"}],"wp:attachment":[{"href":"https:\/\/vadenuez.info\/wp\/wp-json\/wp\/v2\/media?parent=246107"}],"wp:term":[{"taxonomy":"category","embeddable":true,"href":"https:\/\/vadenuez.info\/wp\/wp-json\/wp\/v2\/categories?post=246107"},{"taxonomy":"post_tag","embeddable":true,"href":"https:\/\/vadenuez.info\/wp\/wp-json\/wp\/v2\/tags?post=246107"}],"curies":[{"name":"wp","href":"https:\/\/api.w.org\/{rel}","templated":true}]}}