{"id":246063,"date":"2024-01-19T10:51:01","date_gmt":"2024-01-19T16:51:01","guid":{"rendered":"https:\/\/vadenuez.info\/wp\/?p=246063"},"modified":"2024-01-19T10:52:26","modified_gmt":"2024-01-19T16:52:26","slug":"griselda-martinez-entrega-camion-de-volteo-fortalecera-la-limpia-y-sanidad-del-municipio","status":"publish","type":"post","link":"https:\/\/vadenuez.info\/wp\/griselda-martinez-entrega-camion-de-volteo-fortalecera-la-limpia-y-sanidad-del-municipio\/","title":{"rendered":"Griselda Mart\u00ednez entrega cami\u00f3n de volteo, fortalecer\u00e1 la limpia y sanidad del municipio"},"content":{"rendered":"\n<p>+Ya son 21 camiones destinados a la recolecci\u00f3n de basura, \u201ccuando llegamos no hab\u00eda ninguno\u201d, record\u00f3 la alcaldesa.<\/p>\n\n\n\n<p>Para seguir mejorando los servicios a favor de la poblaci\u00f3n manzanillense, la presidenta Griselda Mart\u00ednez hizo entrega de un cami\u00f3n nuevo de volteo para fortalecer las acciones que lleva de manera diaria la direcci\u00f3n de Limpia y Aseo P\u00fablico. Esta nueva unidad comprada con recursos 100 por ciento municipales, tuvo una inversi\u00f3n de 2 millones 685 mil pesos.<\/p>\n\n\n\n<p>Desde los terrenos de las instalaciones de la Feria de Manzanillo y acompa\u00f1ada por el director general de Servicios P\u00fablicos, Gonzalo Rojas y el director de Limpia y Aseo P\u00fablico, Miguel \u00c1ngel Sabbalza Luviano, la alcaldesa destac\u00f3 hacer todos los esfuerzos para mantener un Manzanillo limpio, ya que cada d\u00eda, en el relleno sanitario se depositan 280 toneladas de basura.<\/p>\n\n\n\n<p>Griselda Mart\u00ednez, se dijo contenta, porque a 5 a\u00f1os de distancia, Manzanillo es el municipio mejor equipado de todo el estado; record\u00f3 que cuando lleg\u00f3 a la administraci\u00f3n, hab\u00eda 6 patrullas de las cuales, s\u00f3lo serv\u00edan 3, y que no hab\u00eda ning\u00fan cami\u00f3n para la recolecci\u00f3n de basura y que hoy ya suman 21 unidades, \u201cantes los rentaban, car\u00edsimos, qui\u00e9n sabe de qui\u00e9n era el negocio\u201d.<\/p>\n\n\n\n<p>Agradeci\u00f3 a todas las personas que pagan sus impuestos pues de esa forma se ha logrado equipar a todas las \u00e1reas del Ayuntamiento de Manzanillo con el \u00fanico objetivo de mejorar la atenci\u00f3n a la poblaci\u00f3n, \u201ces propiedad de ustedes los manzanillenses, hemos adquirido equipo por cientos de millones de pesos\u201d.<\/p>\n\n\n\n<p>Sobre el nuevo cami\u00f3n de volteo, el director de Limpia y Aseo P\u00fablico, Miguel \u00c1ngel Sabbalza Luviano, explic\u00f3 que tiene una capacidad de 14 metros c\u00fabicos, de doble eje y carga reforzada el cual se utilizar\u00e1, para las campa\u00f1as de descacharrizaci\u00f3n y principalmente en el relleno sanitario, \u201cdentro de la celda donde se depositan todos los residuos s\u00f3lidos urbanos del municipio que son 280 toneladas cada d\u00eda, gracias a ello, no interrumpiremos las labores diarias que se hacen ah\u00ed en el relleno sanitario\u201d.<\/p>\n\n\n\n<p>Relleno sanitario cobra 50 centavos el kilo de basura&nbsp;<\/p>\n\n\n\n<p>Para evitar que se den tiraderos de residuos en la v\u00eda p\u00fablica, lo cual est\u00e1 penalizado, la presidenta Griselda Mart\u00ednez, invit\u00f3 a la poblaci\u00f3n o empresas que deben desechar residuos s\u00f3lidos, llevarlos al Relleno Sanitario, lo cual se cobra una cantidad simb\u00f3lica de 50 centavos por kilo, \u201cah\u00ed tenemos una caja y una b\u00e1scula donde se pesa lo que llevan, no es caro y ya se deja de estar tirando por donde sea, lo cual provoca un da\u00f1o a la ciudad\u201d.<\/p>\n\n\n\n<p>La alcaldesa se\u00f1al\u00f3 que ya se han detectado a personas que recogen la basura de distintos negocios, tanto en Tapeixtles, en el Valle de las Garzas y en Las Brisas, a quienes les cobran por ese servicio, y en lugar de llevarla al relleno sanitario, la depositan en la calle, \u201cellos deber\u00edan tener un convenio con nosotros para que vayan a depositarla al relleno, pero lo que hacen, es cobrar por ese servicio y llevar la basura a nuestros puntos de recolecci\u00f3n. Nosotros recogemos la basura y al ratito ya est\u00e1 lleno otra vez y nos provocan un problema de salud p\u00fablica. Ya detectamos a uno en Las Brisas, otro en el Valle de las Garzas y otro en Tapeixtles\u201d.<\/p>\n\n\n\n<p>Relleno sanitario el mejor equipado de toda la regi\u00f3n<\/p>\n\n\n\n<p>Luego de importantes inversiones, hechas con recursos 100 por cientos municipales, con los cuales se ha adquirido equipamiento, como una pata de cabra, moto conformadora, tractor y actualmente se instala una red de captaci\u00f3n de gas, la alcaldesa, destac\u00f3 que es uno de los mejores rellenos sanitarios de todo el pa\u00eds, \u201cseguimos trabajando para alargar su vida y contamine lo menos posible\u201d.<\/p>\n","protected":false},"excerpt":{"rendered":"<p>+Ya son 21 camiones destinados a la recolecci\u00f3n de basura, \u201ccuando llegamos no hab\u00eda ninguno\u201d, record\u00f3 la alcaldesa. Para seguir mejorando los servicios a favor de la poblaci\u00f3n manzanillense, la presidenta Griselda Mart\u00ednez hizo entrega de un cami\u00f3n nuevo de volteo para fortalecer las acciones que lleva de manera diaria la direcci\u00f3n de Limpia y Aseo P\u00fablico. Esta nueva unidad comprada con recursos 100 por ciento municipales, tuvo una inversi\u00f3n de 2 millones 685 mil pesos. Desde los terrenos de las instalaciones de la Feria de Manzanillo y acompa\u00f1ada por el director general de Servicios P\u00fablicos, Gonzalo Rojas y el [&hellip;]<\/p>\n","protected":false},"author":2,"featured_media":246064,"comment_status":"closed","ping_status":"closed","sticky":false,"template":"","format":"standard","meta":{"footnotes":""},"categories":[2],"tags":[],"class_list":["post-246063","post","type-post","status-publish","format-standard","has-post-thumbnail","hentry","category-locales"],"_links":{"self":[{"href":"https:\/\/vadenuez.info\/wp\/wp-json\/wp\/v2\/posts\/246063","targetHints":{"allow":["GET"]}}],"collection":[{"href":"https:\/\/vadenuez.info\/wp\/wp-json\/wp\/v2\/posts"}],"about":[{"href":"https:\/\/vadenuez.info\/wp\/wp-json\/wp\/v2\/types\/post"}],"author":[{"embeddable":true,"href":"https:\/\/vadenuez.info\/wp\/wp-json\/wp\/v2\/users\/2"}],"replies":[{"embeddable":true,"href":"https:\/\/vadenuez.info\/wp\/wp-json\/wp\/v2\/comments?post=246063"}],"version-history":[{"count":1,"href":"https:\/\/vadenuez.info\/wp\/wp-json\/wp\/v2\/posts\/246063\/revisions"}],"predecessor-version":[{"id":246065,"href":"https:\/\/vadenuez.info\/wp\/wp-json\/wp\/v2\/posts\/246063\/revisions\/246065"}],"wp:featuredmedia":[{"embeddable":true,"href":"https:\/\/vadenuez.info\/wp\/wp-json\/wp\/v2\/media\/246064"}],"wp:attachment":[{"href":"https:\/\/vadenuez.info\/wp\/wp-json\/wp\/v2\/media?parent=246063"}],"wp:term":[{"taxonomy":"category","embeddable":true,"href":"https:\/\/vadenuez.info\/wp\/wp-json\/wp\/v2\/categories?post=246063"},{"taxonomy":"post_tag","embeddable":true,"href":"https:\/\/vadenuez.info\/wp\/wp-json\/wp\/v2\/tags?post=246063"}],"curies":[{"name":"wp","href":"https:\/\/api.w.org\/{rel}","templated":true}]}}