{"id":228867,"date":"2022-08-10T19:59:02","date_gmt":"2022-08-11T01:59:02","guid":{"rendered":"https:\/\/vadenuez.info\/wp\/?p=228867"},"modified":"2022-08-10T19:59:05","modified_gmt":"2022-08-11T01:59:05","slug":"lx-legislatura-aprueba-desincorporar-bien-inmueble-del-ejecutivo-y-destinarlo-a-la-instalacion-de-la-unidad-de-atencion-de-mujeres-en-tecoman","status":"publish","type":"post","link":"https:\/\/vadenuez.info\/wp\/lx-legislatura-aprueba-desincorporar-bien-inmueble-del-ejecutivo-y-destinarlo-a-la-instalacion-de-la-unidad-de-atencion-de-mujeres-en-tecoman\/","title":{"rendered":"LX Legislatura aprueba desincorporar bien inmueble del Ejecutivo y destinarlo a la instalaci\u00f3n de la Unidad de Atenci\u00f3n de Mujeres en Tecom\u00e1n"},"content":{"rendered":"\n<p>Diputadas y diputados de la LX Legislatura del H. Congreso del Estado aprobaron autorizar la desincorporaci\u00f3n de un bien inmueble del patrimonio inmobiliario del Gobierno del Estado, y su posterior donaci\u00f3n a t\u00edtulo gratuito en favor de la Fiscal\u00eda General del Estado de Colima, para que sea destinado a la instalaci\u00f3n de la Unidad de Atenci\u00f3n a Mujeres en el municipio de Tecom\u00e1n.<\/p>\n\n\n\n<p>El dictamen elaborado conjuntamente por las comisiones de Hacienda, Fiscalizaci\u00f3n y Cuenta P\u00fablica, y de Desarrollo Urbano, Medio Ambiente y Movilidad, fue analizado despu\u00e9s de que esta iniciativa con proyecto de Decreto fuera turnada al H. Congreso del Estado para su estudio y an\u00e1lisis por la Gobernadora Constitucional del Estado Libre y Soberano de Colima, Indira Vizca\u00edno Silva.<\/p>\n\n\n\n<p>Presentado en el Pleno por la diputada Hilda Lizette Moreno Ceballos, este dictamen autoriza la \u201cdesincorporaci\u00f3n del patrimonio inmobiliario del Gobierno del Estado de un bien inmueble ubicado en la calle Lerdo de Tejada, de la colonia Jardines de Tecom\u00e1n, en el Municipio de Tecom\u00e1n, Colima, el cual cuenta con clave catastral 09-01-01-194-001-000, y una superficie de 888.54 m2, mismo que yace inscrito en el Registro P\u00fablico de la Propiedad y del Comercio bajo el folio real n\u00famero 202390-1; as\u00ed como su posterior donaci\u00f3n a t\u00edtulo gratuito a favor de la Fiscal\u00eda General del Estado de Colima, para que dicho inmueble sea destinado a la instalaci\u00f3n de la Unidad de Atenci\u00f3n a Mujeres en el Municipio de Tecom\u00e1n, Colima\u201d.<\/p>\n\n\n\n<p>En dicho documento se detalle que, de acuerdo con la escritura p\u00fablica de 888.54 m2, este bien inmueble cuenta con las medidas y colindancias siguientes: al norte: en 44.43 m, con los lotes 25, 26, 27, 28, 29 y 30; aI sur: en 45.03 m, con el Fraccionamiento La Floresta; al oriente: en 22.65 m, con la calle Lerdo de Tejada; y al poniente: en 17.26 m, con el Andador Gladiola.<\/p>\n\n\n\n<p>Por tanto, con esta aprobaci\u00f3n se autoriza al Poder Ejecutivo del Estado a que done a t\u00edtulo gratuito en favor de la Fiscal\u00eda General del Estado de Colima, el inmueble que se menciona en el art\u00edculo que antecede, para que lo destine a la instalaci\u00f3n de la Unidad de Atenci\u00f3n a Mujeres (ULA) en el Municipio de Tecom\u00e1n, Colima, por lo que la Fiscal\u00eda General del Estado de Colima cuenta con un plazo de 24 meses, contados a partir de la entrega f\u00edsica de inmueble materia de donaci\u00f3n, para llevar a cabo el objeto para el que fue donado; en caso contrario proceder\u00e1 la reversi\u00f3n a favor del Estado, con todos los accesorios que en \u00e9l se hubieran construido. Lo anterior, en t\u00e9rminos de lo dispuesto en el art\u00edculo 38, numeral 2, de la Ley del Patrimonio del Estado de Colima y sus Municipios.<\/p>\n\n\n\n<p>De igual manera, se autoriza a la titular del Poder Ejecutivo, y a la Secretaria General de Gobierno del Estado, para que suscriban la escritura p\u00fablica correspondiente.<\/p>\n","protected":false},"excerpt":{"rendered":"<p>Diputadas y diputados de la LX Legislatura del H. Congreso del Estado aprobaron autorizar la desincorporaci\u00f3n de un bien inmueble del patrimonio inmobiliario del Gobierno del Estado, y su posterior donaci\u00f3n a t\u00edtulo gratuito en favor de la Fiscal\u00eda General del Estado de Colima, para que sea destinado a la instalaci\u00f3n de la Unidad de Atenci\u00f3n a Mujeres en el municipio de Tecom\u00e1n. El dictamen elaborado conjuntamente por las comisiones de Hacienda, Fiscalizaci\u00f3n y Cuenta P\u00fablica, y de Desarrollo Urbano, Medio Ambiente y Movilidad, fue analizado despu\u00e9s de que esta iniciativa con proyecto de Decreto fuera turnada al H. Congreso [&hellip;]<\/p>\n","protected":false},"author":2,"featured_media":228868,"comment_status":"closed","ping_status":"closed","sticky":false,"template":"","format":"standard","meta":{"footnotes":""},"categories":[3],"tags":[],"class_list":["post-228867","post","type-post","status-publish","format-standard","has-post-thumbnail","hentry","category-colima"],"_links":{"self":[{"href":"https:\/\/vadenuez.info\/wp\/wp-json\/wp\/v2\/posts\/228867","targetHints":{"allow":["GET"]}}],"collection":[{"href":"https:\/\/vadenuez.info\/wp\/wp-json\/wp\/v2\/posts"}],"about":[{"href":"https:\/\/vadenuez.info\/wp\/wp-json\/wp\/v2\/types\/post"}],"author":[{"embeddable":true,"href":"https:\/\/vadenuez.info\/wp\/wp-json\/wp\/v2\/users\/2"}],"replies":[{"embeddable":true,"href":"https:\/\/vadenuez.info\/wp\/wp-json\/wp\/v2\/comments?post=228867"}],"version-history":[{"count":1,"href":"https:\/\/vadenuez.info\/wp\/wp-json\/wp\/v2\/posts\/228867\/revisions"}],"predecessor-version":[{"id":228869,"href":"https:\/\/vadenuez.info\/wp\/wp-json\/wp\/v2\/posts\/228867\/revisions\/228869"}],"wp:featuredmedia":[{"embeddable":true,"href":"https:\/\/vadenuez.info\/wp\/wp-json\/wp\/v2\/media\/228868"}],"wp:attachment":[{"href":"https:\/\/vadenuez.info\/wp\/wp-json\/wp\/v2\/media?parent=228867"}],"wp:term":[{"taxonomy":"category","embeddable":true,"href":"https:\/\/vadenuez.info\/wp\/wp-json\/wp\/v2\/categories?post=228867"},{"taxonomy":"post_tag","embeddable":true,"href":"https:\/\/vadenuez.info\/wp\/wp-json\/wp\/v2\/tags?post=228867"}],"curies":[{"name":"wp","href":"https:\/\/api.w.org\/{rel}","templated":true}]}}