{"id":228825,"date":"2022-08-09T16:15:29","date_gmt":"2022-08-09T22:15:29","guid":{"rendered":"https:\/\/vadenuez.info\/wp\/?p=228825"},"modified":"2022-08-09T16:15:30","modified_gmt":"2022-08-09T22:15:30","slug":"fge-logra-vinculacion-a-proceso-de-un-hombre-por-robo-calificado-y-danos","status":"publish","type":"post","link":"https:\/\/vadenuez.info\/wp\/fge-logra-vinculacion-a-proceso-de-un-hombre-por-robo-calificado-y-danos\/","title":{"rendered":"FGE logra vinculaci\u00f3n a proceso de un hombre por robo calificado y da\u00f1os"},"content":{"rendered":"\n<p><em>+El juez lo envi\u00f3 a prisi\u00f3n como medida cautelar<\/em><\/p>\n\n\n\n<p><em>+Contaba con una orden de aprehensi\u00f3n<\/em><\/p>\n\n\n\n<p>Derivado de que Daniel \u201cN\u201d fuera detenido mediante una orden de aprehensi\u00f3n, la Fiscal\u00eda General del Estado (FGE) aport\u00f3 datos de prueba suficientes para que un Juez de Control lo vinculara a proceso por un hecho que cometi\u00f3 y que la ley se\u00f1ala como delito de robo calificado y da\u00f1os.<\/p>\n\n\n\n<p>De acuerdo con las investigaciones ministeriales, el hecho ocurri\u00f3 el pasado 16 de enero del presente a\u00f1o, donde el masculino quebr\u00f3 el vidrio delantero de un veh\u00edculo marca Toyota, l\u00ednea Yaris, mientras se encontraba estacionado en la colonia Centro de esta ciudad de Colima, para apoderarse de una mochila que conten\u00eda en su interior una computadora laptop con su respectivo cargador, as\u00ed como un cargador para equipo de telefon\u00eda m\u00f3vil.<\/p>\n\n\n\n<p>Luego de la detenci\u00f3n del hombre, se procedi\u00f3 en su contra con los datos de prueba y elementos incriminatorios presentados por el Ministerio P\u00fablico ante el \u00f3rgano judicial, logrando que se vinculara a proceso bajo la medida cautelar de prisi\u00f3n preventiva, para lo cual se fij\u00f3 un plazo de un mes para la investigaci\u00f3n complementaria.<\/p>\n\n\n\n<p>De esta manera la Fiscal\u00eda de Colima trabaja en la persecuci\u00f3n y esclarecimiento de los delitos que se cometen en la entidad, priorizando siempre la reparaci\u00f3n del da\u00f1o y que no exista impunidad.<\/p>\n\n\n\n<p>De acuerdo con las leyes y normas vigentes, el imputado se presume inocente mientras no se declare su responsabilidad mediante sentencia emitida por la autoridad judicial (art\u00edculo 13 del C\u00f3digo Nacional de Procedimientos Penales)<\/p>\n","protected":false},"excerpt":{"rendered":"<p>+El juez lo envi\u00f3 a prisi\u00f3n como medida cautelar +Contaba con una orden de aprehensi\u00f3n Derivado de que Daniel \u201cN\u201d fuera detenido mediante una orden de aprehensi\u00f3n, la Fiscal\u00eda General del Estado (FGE) aport\u00f3 datos de prueba suficientes para que un Juez de Control lo vinculara a proceso por un hecho que cometi\u00f3 y que la ley se\u00f1ala como delito de robo calificado y da\u00f1os. De acuerdo con las investigaciones ministeriales, el hecho ocurri\u00f3 el pasado 16 de enero del presente a\u00f1o, donde el masculino quebr\u00f3 el vidrio delantero de un veh\u00edculo marca Toyota, l\u00ednea Yaris, mientras se encontraba estacionado [&hellip;]<\/p>\n","protected":false},"author":2,"featured_media":228826,"comment_status":"closed","ping_status":"closed","sticky":false,"template":"","format":"standard","meta":{"footnotes":""},"categories":[1],"tags":[],"class_list":["post-228825","post","type-post","status-publish","format-standard","has-post-thumbnail","hentry","category-sucesos"],"_links":{"self":[{"href":"https:\/\/vadenuez.info\/wp\/wp-json\/wp\/v2\/posts\/228825","targetHints":{"allow":["GET"]}}],"collection":[{"href":"https:\/\/vadenuez.info\/wp\/wp-json\/wp\/v2\/posts"}],"about":[{"href":"https:\/\/vadenuez.info\/wp\/wp-json\/wp\/v2\/types\/post"}],"author":[{"embeddable":true,"href":"https:\/\/vadenuez.info\/wp\/wp-json\/wp\/v2\/users\/2"}],"replies":[{"embeddable":true,"href":"https:\/\/vadenuez.info\/wp\/wp-json\/wp\/v2\/comments?post=228825"}],"version-history":[{"count":1,"href":"https:\/\/vadenuez.info\/wp\/wp-json\/wp\/v2\/posts\/228825\/revisions"}],"predecessor-version":[{"id":228827,"href":"https:\/\/vadenuez.info\/wp\/wp-json\/wp\/v2\/posts\/228825\/revisions\/228827"}],"wp:featuredmedia":[{"embeddable":true,"href":"https:\/\/vadenuez.info\/wp\/wp-json\/wp\/v2\/media\/228826"}],"wp:attachment":[{"href":"https:\/\/vadenuez.info\/wp\/wp-json\/wp\/v2\/media?parent=228825"}],"wp:term":[{"taxonomy":"category","embeddable":true,"href":"https:\/\/vadenuez.info\/wp\/wp-json\/wp\/v2\/categories?post=228825"},{"taxonomy":"post_tag","embeddable":true,"href":"https:\/\/vadenuez.info\/wp\/wp-json\/wp\/v2\/tags?post=228825"}],"curies":[{"name":"wp","href":"https:\/\/api.w.org\/{rel}","templated":true}]}}