{"id":192639,"date":"2021-02-02T09:26:32","date_gmt":"2021-02-02T15:26:32","guid":{"rendered":"https:\/\/vadenuez.info\/wp\/?p=192639"},"modified":"2021-02-02T09:26:36","modified_gmt":"2021-02-02T15:26:36","slug":"gobernador-anuncia-nuevas-medidas-ante-covid-19","status":"publish","type":"post","link":"https:\/\/vadenuez.info\/wp\/gobernador-anuncia-nuevas-medidas-ante-covid-19\/","title":{"rendered":"Gobernador anuncia nuevas medidas ante Covid-19"},"content":{"rendered":"\n<p><strong><em>Se cancelan fiestas; negocios cuya actividad preponderante sea venta y consumo de alcohol deber\u00e1n cerrar y el resto con limitaciones en horarios y aforos + A partir de este primero de febrero la entidad se encuentra en sem\u00e1foro rojo, es decir, el m\u00e1ximo riesgo<\/em><\/strong><\/p>\n\n\n\n<p>El gobernador Jos\u00e9 Ignacio Peralta S\u00e1nchez hizo un llamado a la poblaci\u00f3n colimense a cuidarse del&nbsp; Covid-19 y a ser m\u00e1s estrictos con el cumplimiento&nbsp; de las medidas sanitarias, ya que la entidad regres\u00f3 al sem\u00e1foro rojo a partir de este primero de febrero.<\/p>\n\n\n\n<p>En un mensaje en sus redes sociales, el mandatario estatal anunci\u00f3 que hoy firm\u00f3 un acuerdo que obliga al cierre total de negocios cuya actividad principal sea la venta y consumo de bebidas alcoh\u00f3licas.<\/p>\n\n\n\n<p>Indic\u00f3 que el resto de negocios calificados como no esenciales, incluido el ambulantaje, tendr\u00e1n limitaciones en aforo y horario, pues s\u00f3lo podr\u00e1n operar de lunes a viernes y en un horario de 7:00 a 20:00 horas. S\u00e1bados y domingos no podr\u00e1n abrir. Adem\u00e1s, no se permitir\u00e1 acceso a menores de 5 a\u00f1os, mujeres embarazadas y personas adultas mayores.<\/p>\n\n\n\n<p>Los negocios considerados como esenciales podr\u00e1n operar en un horario de 7:00&nbsp; a 22:00 horas, de lunes a domingo.<\/p>\n\n\n\n<p>Tanto los negocios esenciales, como los no esenciales, no podr\u00e1n operar con un aforo mayor al 25% y para hacerlo, deber\u00e1n registrar y aplicar los correspondientes protocolos sanitarios.<\/p>\n\n\n\n<p>En cuanto a las oficinas p\u00fablicas de Gobierno del Estado deber\u00e1 privilegiarse el trabajo desde casa, de forma obligada a personas en grupo de riesgo;&nbsp;no m\u00e1s de un 25% de aforo en las oficinas, excepto en aquellas que se realicen actividades esenciales.<\/p>\n\n\n\n<p>Adem\u00e1s, pidi\u00f3 respetuosamente al resto de instituciones p\u00fablicas de otros \u00f3rdenes de gobierno o poderes que establezcan acciones similares.<\/p>\n\n\n\n<p>El titular del Ejecutivo indic\u00f3 que las clases presenciales contin\u00faan suspendidas.<\/p>\n\n\n\n<p>Asimismo inform\u00f3 que deben suspenderse todo tipo de fiestas, pues generan aglomeraciones, por lo que solicit\u00f3 a los ayuntamientos el respaldo en esta tarea, en el caso de fiestas en domicilios particulares; as\u00ed como a las autoridades de Coespris, Protecci\u00f3n Civil y Seguridad P\u00fablica en el caso de locales de fiestas.<\/p>\n\n\n\n<p>Se\u00f1al\u00f3 que es imposible que la autoridad est\u00e9 en todos lados, por m\u00e1s operativos que sigan haciendo, por lo que exhort\u00f3 a las y los colimenses a que colaboren, sean prudentes, solidarios y respeten la vida.<\/p>\n\n\n\n<p>El gobernador solicit\u00f3 a la poblaci\u00f3n que salga solamente a actividades esenciales, como trabajar, comprar alimentos o medicinas. Y cuando lo hagan siempre usar cubrebocas, guardar la sana distancia y lavar sus manos de forma frecuente.<\/p>\n\n\n\n<p>Si se aplican estas medidas se podr\u00e1&nbsp; derrotar el virus, reducir la ocupaci\u00f3n hospitalaria y salvar vidas.<\/p>\n\n\n\n<p>\u201cEstas medidas que hoy presentamos son un esfuerzo de muchas personas por lograr contener la pandemia en el Estado, pero tambi\u00e9n tratando de cuidar la econom\u00eda de la gente\u201d, afirm\u00f3 el gobernador.<\/p>\n\n\n\n<p>Explic\u00f3 que la semana pasada la Secretar\u00eda de Salud y Bienestar Social encabez\u00f3 una reuni\u00f3n del Comando Covid, un \u00f3rgano multidisciplinario en donde participan las diversas instituciones de salud del Estado, investigadores, acad\u00e9micos de la Universidad de Colima, la Secretar\u00eda de la Defensa Nacional, Secretar\u00eda de Marina, Protecci\u00f3n Civil, el Colegio de M\u00e9dicos y expertos en materia de salud.<\/p>\n\n\n\n<p>Durante dicha reuni\u00f3n se definieron una serie de acciones para modificar el Plan de Reapertura Gradual de Actividades, que posteriormente fueron avaladas por el Comit\u00e9 Estatal de Seguridad en Salud.<\/p>\n\n\n\n<p>\u201cHay dos objetivos fundamentales en lo aprobado. El primero es salvar vidas, y el segundo, da\u00f1ar lo menos posible la econom\u00eda, la gente tambi\u00e9n necesita trabajar\u201d, sostuvo el gobernador, quien se\u00f1al\u00f3 que su trabajo es buscar el beneficio de todos.<\/p>\n\n\n\n<p>Este acuerdo se publicar\u00e1 este martes 2 de febrero en el Peri\u00f3dico Oficial del Estado, por lo que las nuevas medidas entrar\u00e1n en vigor el mismo martes.<\/p>\n","protected":false},"excerpt":{"rendered":"<p>Se cancelan fiestas; negocios cuya actividad preponderante sea venta y consumo de alcohol deber\u00e1n cerrar y el resto con limitaciones en horarios y aforos + A partir de este primero de febrero la entidad se encuentra en sem\u00e1foro rojo, es decir, el m\u00e1ximo riesgo El gobernador Jos\u00e9 Ignacio Peralta S\u00e1nchez hizo un llamado a la poblaci\u00f3n colimense a cuidarse del&nbsp; Covid-19 y a ser m\u00e1s estrictos con el cumplimiento&nbsp; de las medidas sanitarias, ya que la entidad regres\u00f3 al sem\u00e1foro rojo a partir de este primero de febrero. En un mensaje en sus redes sociales, el mandatario estatal anunci\u00f3 que [&hellip;]<\/p>\n","protected":false},"author":18,"featured_media":192603,"comment_status":"closed","ping_status":"closed","sticky":false,"template":"","format":"standard","meta":{"footnotes":""},"categories":[3],"tags":[],"class_list":["post-192639","post","type-post","status-publish","format-standard","has-post-thumbnail","hentry","category-colima"],"_links":{"self":[{"href":"https:\/\/vadenuez.info\/wp\/wp-json\/wp\/v2\/posts\/192639","targetHints":{"allow":["GET"]}}],"collection":[{"href":"https:\/\/vadenuez.info\/wp\/wp-json\/wp\/v2\/posts"}],"about":[{"href":"https:\/\/vadenuez.info\/wp\/wp-json\/wp\/v2\/types\/post"}],"author":[{"embeddable":true,"href":"https:\/\/vadenuez.info\/wp\/wp-json\/wp\/v2\/users\/18"}],"replies":[{"embeddable":true,"href":"https:\/\/vadenuez.info\/wp\/wp-json\/wp\/v2\/comments?post=192639"}],"version-history":[{"count":1,"href":"https:\/\/vadenuez.info\/wp\/wp-json\/wp\/v2\/posts\/192639\/revisions"}],"predecessor-version":[{"id":192640,"href":"https:\/\/vadenuez.info\/wp\/wp-json\/wp\/v2\/posts\/192639\/revisions\/192640"}],"wp:featuredmedia":[{"embeddable":true,"href":"https:\/\/vadenuez.info\/wp\/wp-json\/wp\/v2\/media\/192603"}],"wp:attachment":[{"href":"https:\/\/vadenuez.info\/wp\/wp-json\/wp\/v2\/media?parent=192639"}],"wp:term":[{"taxonomy":"category","embeddable":true,"href":"https:\/\/vadenuez.info\/wp\/wp-json\/wp\/v2\/categories?post=192639"},{"taxonomy":"post_tag","embeddable":true,"href":"https:\/\/vadenuez.info\/wp\/wp-json\/wp\/v2\/tags?post=192639"}],"curies":[{"name":"wp","href":"https:\/\/api.w.org\/{rel}","templated":true}]}}