{"id":192636,"date":"2021-02-02T09:17:17","date_gmt":"2021-02-02T15:17:17","guid":{"rendered":"https:\/\/vadenuez.info\/wp\/?p=192636"},"modified":"2021-02-02T09:17:19","modified_gmt":"2021-02-02T15:17:19","slug":"vuelca-camion-con-jornaleros-se-reportan-por-lo-menos-15-lesionados-en-armeria","status":"publish","type":"post","link":"https:\/\/vadenuez.info\/wp\/vuelca-camion-con-jornaleros-se-reportan-por-lo-menos-15-lesionados-en-armeria\/","title":{"rendered":"Vuelca cami\u00f3n con jornaleros, se reportan por lo menos 15 lesionados, en Armer\u00eda"},"content":{"rendered":"\n<p>En un fuerte accidente registrado\nla ma\u00f1ana de este martes, se reportaron por lo menos 15 personas lesionadas, cuando\nel cami\u00f3n en el que viajaban sufri\u00f3 una volcadura en la carretera Armer\u00eda-Manzanillo,\na la altura de la localidad de Los Reyes, todos los lesionados fueron\ntrasladados a diferentes hospitales para su atenci\u00f3n m\u00e9dica.<\/p>\n\n\n\n<p>El fuerte percance se suscit\u00f3\nalrededor de las 7 de la ma\u00f1ana, cuando un cami\u00f3n que transportaba alrededor de\n30 jornaleros hacia una empacadora de papaya, al ir transitando por la\ncarretera libre Armer\u00eda-Manzanillo, cerca de la localidad de los Reyes, el\nconductor perdi\u00f3 el control de la unidad sali\u00e9ndose de la cinta asf\u00e1ltica y\nterminando volcado.<\/p>\n\n\n\n<p>Ante el accidente, por lo menos 15\npersonas resultaron con lesiones diversas, por lo que al lugar acudieron elementos\nde PC Armer\u00eda y Manzanillo, as\u00ed como param\u00e9dicos de Cruz Roja Mexicana, quienes\natendieron a los lesionados en el lugar para posteriormente trasladarlos a\ndiferentes hospitales para su atenci\u00f3n m\u00e9dica.<\/p>\n","protected":false},"excerpt":{"rendered":"<p>En un fuerte accidente registrado la ma\u00f1ana de este martes, se reportaron por lo menos 15 personas lesionadas, cuando el cami\u00f3n en el que viajaban sufri\u00f3 una volcadura en la carretera Armer\u00eda-Manzanillo, a la altura de la localidad de Los Reyes, todos los lesionados fueron trasladados a diferentes hospitales para su atenci\u00f3n m\u00e9dica. El fuerte percance se suscit\u00f3 alrededor de las 7 de la ma\u00f1ana, cuando un cami\u00f3n que transportaba alrededor de 30 jornaleros hacia una empacadora de papaya, al ir transitando por la carretera libre Armer\u00eda-Manzanillo, cerca de la localidad de los Reyes, el conductor perdi\u00f3 el control de [&hellip;]<\/p>\n","protected":false},"author":2,"featured_media":192637,"comment_status":"closed","ping_status":"closed","sticky":false,"template":"","format":"standard","meta":{"footnotes":""},"categories":[1],"tags":[],"class_list":["post-192636","post","type-post","status-publish","format-standard","has-post-thumbnail","hentry","category-sucesos"],"_links":{"self":[{"href":"https:\/\/vadenuez.info\/wp\/wp-json\/wp\/v2\/posts\/192636","targetHints":{"allow":["GET"]}}],"collection":[{"href":"https:\/\/vadenuez.info\/wp\/wp-json\/wp\/v2\/posts"}],"about":[{"href":"https:\/\/vadenuez.info\/wp\/wp-json\/wp\/v2\/types\/post"}],"author":[{"embeddable":true,"href":"https:\/\/vadenuez.info\/wp\/wp-json\/wp\/v2\/users\/2"}],"replies":[{"embeddable":true,"href":"https:\/\/vadenuez.info\/wp\/wp-json\/wp\/v2\/comments?post=192636"}],"version-history":[{"count":1,"href":"https:\/\/vadenuez.info\/wp\/wp-json\/wp\/v2\/posts\/192636\/revisions"}],"predecessor-version":[{"id":192638,"href":"https:\/\/vadenuez.info\/wp\/wp-json\/wp\/v2\/posts\/192636\/revisions\/192638"}],"wp:featuredmedia":[{"embeddable":true,"href":"https:\/\/vadenuez.info\/wp\/wp-json\/wp\/v2\/media\/192637"}],"wp:attachment":[{"href":"https:\/\/vadenuez.info\/wp\/wp-json\/wp\/v2\/media?parent=192636"}],"wp:term":[{"taxonomy":"category","embeddable":true,"href":"https:\/\/vadenuez.info\/wp\/wp-json\/wp\/v2\/categories?post=192636"},{"taxonomy":"post_tag","embeddable":true,"href":"https:\/\/vadenuez.info\/wp\/wp-json\/wp\/v2\/tags?post=192636"}],"curies":[{"name":"wp","href":"https:\/\/api.w.org\/{rel}","templated":true}]}}