{"id":192633,"date":"2021-02-01T20:24:18","date_gmt":"2021-02-02T02:24:18","guid":{"rendered":"https:\/\/vadenuez.info\/wp\/?p=192633"},"modified":"2021-02-01T20:24:20","modified_gmt":"2021-02-02T02:24:20","slug":"gobernador-anuncia-nuevas-medidas-contra-el-covid-19","status":"publish","type":"post","link":"https:\/\/vadenuez.info\/wp\/gobernador-anuncia-nuevas-medidas-contra-el-covid-19\/","title":{"rendered":"Gobernador anuncia nuevas medidas contra el COVID-19"},"content":{"rendered":"\n<p>El gobernador de Colima, Jos\u00e9 Ignacio Peralta S\u00e1nchez anunci\u00f3 las nuevas medidas que se implementar\u00e1n en el estado luego del regreso al color rojo en el sem\u00e1foro epidemiologico federal.<\/p>\n\n\n\n<p>Estas medidas fueron aprobadas en el Comando Covid y entrar\u00e1n en vigor a partir de ma\u00f1ana martes 2 de febrero.<\/p>\n\n\n\n<p>En un mensaje transmitido en redes sociales, Peralta Sanchez expuso que los negocios esenciales podr\u00e1n abrir de las 7:00 hasta las 22:00 horas; mientras que las actividades no esenciales estar\u00e1n de las 7:00 a las 20:00 horas.<\/p>\n\n\n\n<p>Ambas actividades deber\u00e1n permanecer cerradas los fines de semana y no se permitir\u00e1 el acceso a ni\u00f1os menores de cinco a\u00f1os, mujeres embarazadas y adultos mayores.&nbsp;<\/p>\n\n\n\n<p>Los negocios que se dediquen a la venta de bebidas alcoh\u00f3licas&nbsp; deber\u00e1n cerrar.&nbsp;<\/p>\n\n\n\n<p>Peralta S\u00e1nchez llam\u00f3 al resto de las instituciones p\u00fablicas y poderes a establecer acciones similares y solicit\u00f3 a que los ayuntamientos coadyuven vigilando que no haya reuniones en domicilios particulares.<\/p>\n\n\n\n<p>Anunci\u00f3 que las clases presenciales contin\u00faan suspendidas e invit\u00f3 a la poblaci\u00f3n a no abandonar las recomendaciones de higiene y sana distancia.<\/p>\n","protected":false},"excerpt":{"rendered":"<p>El gobernador de Colima, Jos\u00e9 Ignacio Peralta S\u00e1nchez anunci\u00f3 las nuevas medidas que se implementar\u00e1n en el estado luego del regreso al color rojo en el sem\u00e1foro epidemiologico federal. Estas medidas fueron aprobadas en el Comando Covid y entrar\u00e1n en vigor a partir de ma\u00f1ana martes 2 de febrero. En un mensaje transmitido en redes sociales, Peralta Sanchez expuso que los negocios esenciales podr\u00e1n abrir de las 7:00 hasta las 22:00 horas; mientras que las actividades no esenciales estar\u00e1n de las 7:00 a las 20:00 horas. Ambas actividades deber\u00e1n permanecer cerradas los fines de semana y no se permitir\u00e1 el [&hellip;]<\/p>\n","protected":false},"author":2,"featured_media":192634,"comment_status":"closed","ping_status":"closed","sticky":false,"template":"","format":"standard","meta":{"footnotes":""},"categories":[3,12],"tags":[],"class_list":["post-192633","post","type-post","status-publish","format-standard","has-post-thumbnail","hentry","category-colima","category-destacadas"],"_links":{"self":[{"href":"https:\/\/vadenuez.info\/wp\/wp-json\/wp\/v2\/posts\/192633","targetHints":{"allow":["GET"]}}],"collection":[{"href":"https:\/\/vadenuez.info\/wp\/wp-json\/wp\/v2\/posts"}],"about":[{"href":"https:\/\/vadenuez.info\/wp\/wp-json\/wp\/v2\/types\/post"}],"author":[{"embeddable":true,"href":"https:\/\/vadenuez.info\/wp\/wp-json\/wp\/v2\/users\/2"}],"replies":[{"embeddable":true,"href":"https:\/\/vadenuez.info\/wp\/wp-json\/wp\/v2\/comments?post=192633"}],"version-history":[{"count":1,"href":"https:\/\/vadenuez.info\/wp\/wp-json\/wp\/v2\/posts\/192633\/revisions"}],"predecessor-version":[{"id":192635,"href":"https:\/\/vadenuez.info\/wp\/wp-json\/wp\/v2\/posts\/192633\/revisions\/192635"}],"wp:featuredmedia":[{"embeddable":true,"href":"https:\/\/vadenuez.info\/wp\/wp-json\/wp\/v2\/media\/192634"}],"wp:attachment":[{"href":"https:\/\/vadenuez.info\/wp\/wp-json\/wp\/v2\/media?parent=192633"}],"wp:term":[{"taxonomy":"category","embeddable":true,"href":"https:\/\/vadenuez.info\/wp\/wp-json\/wp\/v2\/categories?post=192633"},{"taxonomy":"post_tag","embeddable":true,"href":"https:\/\/vadenuez.info\/wp\/wp-json\/wp\/v2\/tags?post=192633"}],"curies":[{"name":"wp","href":"https:\/\/api.w.org\/{rel}","templated":true}]}}