{"id":192623,"date":"2021-02-01T16:46:57","date_gmt":"2021-02-01T22:46:57","guid":{"rendered":"https:\/\/vadenuez.info\/wp\/?p=192623"},"modified":"2021-02-01T16:46:59","modified_gmt":"2021-02-01T22:46:59","slug":"se-va-romero-coello-de-la-dirigencia-estatal-del-pri-entrara-en-su-lugar-arnoldo-ochoa","status":"publish","type":"post","link":"https:\/\/vadenuez.info\/wp\/se-va-romero-coello-de-la-dirigencia-estatal-del-pri-entrara-en-su-lugar-arnoldo-ochoa\/","title":{"rendered":"Se va Romero Coello de la dirigencia estatal del PRI, entrar\u00e1 en su lugar Arnoldo Ochoa"},"content":{"rendered":"\n<p>Sin conocerse a\u00fan\nlas causas por las que tom\u00f3 la decisi\u00f3n, se tuvo conocimiento que este d\u00eda, al\nfilo de las 18 horas estar\u00e1 presentando su renuncia al cargo de presidente del\nComit\u00e9 Directivo Estatal del Partido Revolucionario Institucional (PRI) Jos\u00e9\nManuel Romero Coello.<\/p>\n\n\n\n<p>Ante esta\ndecisi\u00f3n, previo a la renuncia estar\u00e1n nombrando a Arnoldo Ochoa Gonz\u00e1lez como\nsecretario de Organizaci\u00f3n de este instituto pol\u00edtico en Colima, para que una\nvez entregada la solicitud de Romero Coello, por prelaci\u00f3n sea el propio Ochoa\nGonz\u00e1lez quien asuma esta dirigencia estatal de manera interina y conduzca al\npartido durante el proceso electoral 2020-2021.<\/p>\n\n\n\n<p>Se debe recordar\nque Arnoldo Ochoa renunci\u00f3 a su cargo de secretario general de gobierno para\nasumir el cargo de secretario adjunto del Comit\u00e9 Ejecutivo Nacional (CEN) del\nPRI.<\/p>\n\n\n\n<p>Por su parte,\nRomero Coello, tom\u00f3 protesta como presidente del Comit\u00e9 Directivo Estatal de\neste instituto pol\u00edtico el pasado 18 de julio de 2020.<\/p>\n","protected":false},"excerpt":{"rendered":"<p>Sin conocerse a\u00fan las causas por las que tom\u00f3 la decisi\u00f3n, se tuvo conocimiento que este d\u00eda, al filo de las 18 horas estar\u00e1 presentando su renuncia al cargo de presidente del Comit\u00e9 Directivo Estatal del Partido Revolucionario Institucional (PRI) Jos\u00e9 Manuel Romero Coello. Ante esta decisi\u00f3n, previo a la renuncia estar\u00e1n nombrando a Arnoldo Ochoa Gonz\u00e1lez como secretario de Organizaci\u00f3n de este instituto pol\u00edtico en Colima, para que una vez entregada la solicitud de Romero Coello, por prelaci\u00f3n sea el propio Ochoa Gonz\u00e1lez quien asuma esta dirigencia estatal de manera interina y conduzca al partido durante el proceso electoral [&hellip;]<\/p>\n","protected":false},"author":22,"featured_media":192624,"comment_status":"closed","ping_status":"closed","sticky":false,"template":"","format":"standard","meta":{"footnotes":""},"categories":[3],"tags":[],"class_list":["post-192623","post","type-post","status-publish","format-standard","has-post-thumbnail","hentry","category-colima"],"_links":{"self":[{"href":"https:\/\/vadenuez.info\/wp\/wp-json\/wp\/v2\/posts\/192623","targetHints":{"allow":["GET"]}}],"collection":[{"href":"https:\/\/vadenuez.info\/wp\/wp-json\/wp\/v2\/posts"}],"about":[{"href":"https:\/\/vadenuez.info\/wp\/wp-json\/wp\/v2\/types\/post"}],"author":[{"embeddable":true,"href":"https:\/\/vadenuez.info\/wp\/wp-json\/wp\/v2\/users\/22"}],"replies":[{"embeddable":true,"href":"https:\/\/vadenuez.info\/wp\/wp-json\/wp\/v2\/comments?post=192623"}],"version-history":[{"count":1,"href":"https:\/\/vadenuez.info\/wp\/wp-json\/wp\/v2\/posts\/192623\/revisions"}],"predecessor-version":[{"id":192625,"href":"https:\/\/vadenuez.info\/wp\/wp-json\/wp\/v2\/posts\/192623\/revisions\/192625"}],"wp:featuredmedia":[{"embeddable":true,"href":"https:\/\/vadenuez.info\/wp\/wp-json\/wp\/v2\/media\/192624"}],"wp:attachment":[{"href":"https:\/\/vadenuez.info\/wp\/wp-json\/wp\/v2\/media?parent=192623"}],"wp:term":[{"taxonomy":"category","embeddable":true,"href":"https:\/\/vadenuez.info\/wp\/wp-json\/wp\/v2\/categories?post=192623"},{"taxonomy":"post_tag","embeddable":true,"href":"https:\/\/vadenuez.info\/wp\/wp-json\/wp\/v2\/tags?post=192623"}],"curies":[{"name":"wp","href":"https:\/\/api.w.org\/{rel}","templated":true}]}}