{"id":118095,"date":"2018-12-06T18:35:40","date_gmt":"2018-12-07T00:35:40","guid":{"rendered":"http:\/\/vadenuez.info\/wp\/?p=118095"},"modified":"2018-12-06T18:35:54","modified_gmt":"2018-12-07T00:35:54","slug":"trabajadores-sindicalizados-acusan-a-edil-de-cuauhtemoc-de-acoso-laboral","status":"publish","type":"post","link":"https:\/\/vadenuez.info\/wp\/trabajadores-sindicalizados-acusan-a-edil-de-cuauhtemoc-de-acoso-laboral\/","title":{"rendered":"Trabajadores sindicalizados acusan a edil de Cuauht\u00e9moc de acoso laboral"},"content":{"rendered":"\n<p>\u2022    <em>Alcalde dijo que necesitaba despedir trabajadores porque ten\u00eda que contratar gente con la que \u00e9l ya ten\u00eda compromisos, asegura l\u00edder sindical<\/em><\/p>\n\n\n\n<p>La Secretaria General del Sindicato \u00danico de Trabajadores al Servicio del Ayuntamiento y Organismos Descentralizados de Cuauht\u00e9moc, Irma Valdovinos L\u00f3pez, acus\u00f3 al alcalde Rafael Mendoza God\u00ednez de estar acosando laboralmente y despedir a al menos once trabajadores debido a que decidieron adherirse a este sindicato.<\/p>\n\n\n\n<p>Explic\u00f3 que estas personas tienen de entre 6 y hasta 20 a\u00f1os trabajando en el ayuntamiento de Cuauht\u00e9moc y que el Tribunal de Arbitraje y Escalaf\u00f3n (TAE) ya otorg\u00f3 la toma de nota el pasado 16 de noviembre de este a\u00f1o, reconoci\u00e9ndolos como parte de este gremio.<\/p>\n\n\n\n<p>Apunt\u00f3 que a aquellos trabajadores que se ha negado a recibir el documento de destituci\u00f3n, van y lo acosan hasta su casa y delante de su familia les dicen que son despedidos, \u00abeso ya es algo intolerable\u00bb.<\/p>\n\n\n\n<p>Coment\u00f3 que \u00abayer (mi\u00e9rcoles) tuve la oportunidad de platicar v\u00eda telef\u00f3nica con el Presidente Municipal -Rafael Mendoza God\u00ednez- a quien le coment\u00e9 que si estaba enterado y me dijo que s\u00ed; muy tranquilamente me coment\u00f3 que \u00e9l hab\u00eda dado la instrucci\u00f3n porque necesitaba despedir trabajadores porque ten\u00eda que contratar gente con la que \u00e9l ya ten\u00eda compromisos, lo cual es muy lamentable el hecho que se de esta situaci\u00f3n\u00bb.<\/p>\n\n\n\n<p>La dirigente sindical record\u00f3 que \u00abnuestra Constituci\u00f3n, en el art\u00edculo 123, es muy clara (y dice que) todos los trabajadores tenemos derecho a decidir a qu\u00e9 sindicato pertenecemos, entonces esto no es ning\u00fan motivo de hostigamiento ni de despido en contra de estos compa\u00f1eros\u00bb.<\/p>\n\n\n\n<p>Pidi\u00f3 que se respete a los compa\u00f1eros, \u00abtenemos que sentarnos y llegar a acuerdos porque los derechos de los trabajadores son irrenunciables, lo \u00fanico que pedimos es respeto, ya que todos los trabajadores que pertenecen a este sindicato es gente decente, gente del municipio y comprometida con su trabajo y bajo ninguna circunstancia son merecedores de ese trato\u00bb.<\/p>\n\n\n\n<p>Irma Valdovinos L\u00f3pez expres\u00f3 que son alrededor de once personas a las que se les est\u00e1 llevando sus notificaciones a su \u00e1rea laboral\u2026 \u00abestos trabajadores son libres de elegir a cu\u00e1l sindicato pertenecen, aunque hay tres sindicatos reconocidos por el TAE, ellos nos eligieron\u00bb.<\/p>\n\n\n\n<p>Mencion\u00f3 que hace unos meses los trabajadores hicieron su solicitud para ingresar al Sindicato \u00danico y tras un an\u00e1lisis y reconociendo su antig\u00fcedad, nosotros los recibimos como miembros activos del sindicato.<\/p>\n\n\n\n<p>Agreg\u00f3 que el pasado 16 de noviembre de este a\u00f1o el Tribunal de Arbitraje y Escalaf\u00f3n otorg\u00f3 la toma de nota para estos trabajadores quienes fueron reconocidos como miembros de este sindicato, luego de analizar la documentaci\u00f3n requerida que la Ley Estatal se\u00f1ala.<\/p>\n","protected":false},"excerpt":{"rendered":"<p>\u2022 Alcalde dijo que necesitaba despedir trabajadores porque ten\u00eda que contratar gente con la que \u00e9l ya ten\u00eda compromisos, asegura l\u00edder sindical La Secretaria General del Sindicato \u00danico de Trabajadores al Servicio del Ayuntamiento y Organismos Descentralizados de Cuauht\u00e9moc, Irma Valdovinos L\u00f3pez, acus\u00f3 al alcalde Rafael Mendoza God\u00ednez de estar acosando laboralmente y despedir a al menos once trabajadores debido a que decidieron adherirse a este sindicato. Explic\u00f3 que estas personas tienen de entre 6 y hasta 20 a\u00f1os trabajando en el ayuntamiento de Cuauht\u00e9moc y que el Tribunal de Arbitraje y Escalaf\u00f3n (TAE) ya otorg\u00f3 la toma de nota [&hellip;]<\/p>\n","protected":false},"author":22,"featured_media":118096,"comment_status":"closed","ping_status":"closed","sticky":false,"template":"","format":"standard","meta":{"footnotes":""},"categories":[3],"tags":[],"class_list":["post-118095","post","type-post","status-publish","format-standard","has-post-thumbnail","hentry","category-colima"],"_links":{"self":[{"href":"https:\/\/vadenuez.info\/wp\/wp-json\/wp\/v2\/posts\/118095","targetHints":{"allow":["GET"]}}],"collection":[{"href":"https:\/\/vadenuez.info\/wp\/wp-json\/wp\/v2\/posts"}],"about":[{"href":"https:\/\/vadenuez.info\/wp\/wp-json\/wp\/v2\/types\/post"}],"author":[{"embeddable":true,"href":"https:\/\/vadenuez.info\/wp\/wp-json\/wp\/v2\/users\/22"}],"replies":[{"embeddable":true,"href":"https:\/\/vadenuez.info\/wp\/wp-json\/wp\/v2\/comments?post=118095"}],"version-history":[{"count":1,"href":"https:\/\/vadenuez.info\/wp\/wp-json\/wp\/v2\/posts\/118095\/revisions"}],"predecessor-version":[{"id":118097,"href":"https:\/\/vadenuez.info\/wp\/wp-json\/wp\/v2\/posts\/118095\/revisions\/118097"}],"wp:featuredmedia":[{"embeddable":true,"href":"https:\/\/vadenuez.info\/wp\/wp-json\/wp\/v2\/media\/118096"}],"wp:attachment":[{"href":"https:\/\/vadenuez.info\/wp\/wp-json\/wp\/v2\/media?parent=118095"}],"wp:term":[{"taxonomy":"category","embeddable":true,"href":"https:\/\/vadenuez.info\/wp\/wp-json\/wp\/v2\/categories?post=118095"},{"taxonomy":"post_tag","embeddable":true,"href":"https:\/\/vadenuez.info\/wp\/wp-json\/wp\/v2\/tags?post=118095"}],"curies":[{"name":"wp","href":"https:\/\/api.w.org\/{rel}","templated":true}]}}