{"id":118082,"date":"2018-12-06T15:04:32","date_gmt":"2018-12-06T21:04:32","guid":{"rendered":"http:\/\/vadenuez.info\/wp\/?p=118082"},"modified":"2018-12-06T15:04:44","modified_gmt":"2018-12-06T21:04:44","slug":"continua-colima-como-principal-exportador-de-papaya-en-el-pais","status":"publish","type":"post","link":"https:\/\/vadenuez.info\/wp\/continua-colima-como-principal-exportador-de-papaya-en-el-pais\/","title":{"rendered":"Contin\u00faa Colima como principal exportador de papaya en el pa\u00eds"},"content":{"rendered":"\n<p>No obstante de los problemas ocasionados por las lluvias, que repercutieron en la baja calidad de las papayas producidas en la entidad, Colima sigue siendo el principal exportador de este fruto en el pa\u00eds.\u00a0<\/p>\n\n\n\n<p>As\u00ed lo refiri\u00f3 Miguel \u00c1ngel Espinoza Hern\u00e1ndez, coordinador del Consejo Estatal de Papaya.<\/p>\n\n\n\n<p>Explic\u00f3 que si bien la producci\u00f3n de papaya fue de alrededor de 150 mil toneladas, prevaleci\u00f3 una situaci\u00f3n complicada de mercado. \u201cTuvimos precios muy bajos durante cuatro o cinco meses, eso aunado a las lluvias de este a\u00f1o que fueron copiosas y muy concentradas, nos generaron problemas de calidad, venimos saliendo de esa situaci\u00f3n, que las producciones se est\u00e1n estabilizando y los precios se est\u00e1n repuntando un poco para ser un cultivo que es complicado y caro para hacerlo rentable nuevamente\u201d.<\/p>\n\n\n\n<p>Espinoza Hern\u00e1ndez expres\u00f3 que alrededor del 50 por ciento de la producci\u00f3n sale al mercado extranjero, reiterando que \u00a0Colima es el principal exportador de M\u00e9xico: entre el 50 y hasta el 65 por ciento de lo que exporta el pa\u00eds, es producido por la entidad.<\/p>\n\n\n\n<p>En este contexto, precis\u00f3 que el principal mercado de la papaya colimense es Estados Unidos \u201centre 95 y 97 por ciento de nuestra exportaci\u00f3n va para all\u00e1, un poco a Canad\u00e1 y hay, por el tipo de producto que tenemos que es voluminoso y es lo complicado porque es muy perecedero, entonces es dif\u00edcil llegar a lugares m\u00e1s lejanos si no es en avi\u00f3n y eso incrementa much\u00edsimos los costos\u201d.<\/p>\n\n\n\n<p>Finalmente expuso que Colima se encuentra entre el segundo y cuarto lugar en producci\u00f3n nacional de papaya, con Veracruz, Michoac\u00e1n y Oaxaca.<\/p>\n","protected":false},"excerpt":{"rendered":"<p>No obstante de los problemas ocasionados por las lluvias, que repercutieron en la baja calidad de las papayas producidas en la entidad, Colima sigue siendo el principal exportador de este fruto en el pa\u00eds.\u00a0 As\u00ed lo refiri\u00f3 Miguel \u00c1ngel Espinoza Hern\u00e1ndez, coordinador del Consejo Estatal de Papaya. Explic\u00f3 que si bien la producci\u00f3n de papaya fue de alrededor de 150 mil toneladas, prevaleci\u00f3 una situaci\u00f3n complicada de mercado. \u201cTuvimos precios muy bajos durante cuatro o cinco meses, eso aunado a las lluvias de este a\u00f1o que fueron copiosas y muy concentradas, nos generaron problemas de calidad, venimos saliendo de esa [&hellip;]<\/p>\n","protected":false},"author":2,"featured_media":118083,"comment_status":"closed","ping_status":"closed","sticky":false,"template":"","format":"standard","meta":{"footnotes":""},"categories":[3],"tags":[],"class_list":["post-118082","post","type-post","status-publish","format-standard","has-post-thumbnail","hentry","category-colima"],"_links":{"self":[{"href":"https:\/\/vadenuez.info\/wp\/wp-json\/wp\/v2\/posts\/118082","targetHints":{"allow":["GET"]}}],"collection":[{"href":"https:\/\/vadenuez.info\/wp\/wp-json\/wp\/v2\/posts"}],"about":[{"href":"https:\/\/vadenuez.info\/wp\/wp-json\/wp\/v2\/types\/post"}],"author":[{"embeddable":true,"href":"https:\/\/vadenuez.info\/wp\/wp-json\/wp\/v2\/users\/2"}],"replies":[{"embeddable":true,"href":"https:\/\/vadenuez.info\/wp\/wp-json\/wp\/v2\/comments?post=118082"}],"version-history":[{"count":1,"href":"https:\/\/vadenuez.info\/wp\/wp-json\/wp\/v2\/posts\/118082\/revisions"}],"predecessor-version":[{"id":118084,"href":"https:\/\/vadenuez.info\/wp\/wp-json\/wp\/v2\/posts\/118082\/revisions\/118084"}],"wp:featuredmedia":[{"embeddable":true,"href":"https:\/\/vadenuez.info\/wp\/wp-json\/wp\/v2\/media\/118083"}],"wp:attachment":[{"href":"https:\/\/vadenuez.info\/wp\/wp-json\/wp\/v2\/media?parent=118082"}],"wp:term":[{"taxonomy":"category","embeddable":true,"href":"https:\/\/vadenuez.info\/wp\/wp-json\/wp\/v2\/categories?post=118082"},{"taxonomy":"post_tag","embeddable":true,"href":"https:\/\/vadenuez.info\/wp\/wp-json\/wp\/v2\/tags?post=118082"}],"curies":[{"name":"wp","href":"https:\/\/api.w.org\/{rel}","templated":true}]}}