{"id":1008,"date":"2014-02-06T09:45:50","date_gmt":"2014-02-06T15:45:50","guid":{"rendered":"http:\/\/vadenuez.info\/wp\/?p=1008"},"modified":"2014-02-06T09:45:50","modified_gmt":"2014-02-06T15:45:50","slug":"realiza-preciado-segunda-fiesta-en-el-senado","status":"publish","type":"post","link":"https:\/\/vadenuez.info\/wp\/realiza-preciado-segunda-fiesta-en-el-senado\/","title":{"rendered":"Realiza Preciado segunda fiesta en el Senado!"},"content":{"rendered":"<p>El coordinador de la fracci\u00f3n parlamentaria del PAN en el Senado de la Rep\u00fablica, Jorge Luis Preciado realiz\u00f3 una segunda fiesta por el D\u00eda de la Candelaria, a la cual estaban invitados los 38 senadores, pero solo asistieron cuatro.<\/p>\n<p>De acuerdo a informaci\u00f3n publicada por Reforma, a los festejos por el D\u00eda de la Candelaria s\u00f3lo asistieron los senadores Daniel \u00c1vila, Francisco B\u00farquez, Fernando Herrera y Salvador L\u00f3pez Brito.<\/p>\n<p>Cabe se\u00f1alar que el martes pasado, Jorge Luis Preciado realiz\u00f3 una fiesta en la terraza del Senado de la Rep\u00fablica, la cual dijo fue por la celebraci\u00f3n del D\u00eda de la Candelaria y a la cual asistieron trabajadores del Senado, sin embargo en dicha fiesta solo estaban familiares de \u00e9l y su esposa Yahumira Chaviano la cual estaba cumpliendo a\u00f1os.<\/p>\n<p>&nbsp;<\/p>\n<p>&nbsp;<\/p>\n<p>Fuente: Reforma\/Foto: Archivo\/kgc<\/p>\n","protected":false},"excerpt":{"rendered":"<p>El coordinador de la fracci\u00f3n parlamentaria del PAN en el Senado de la Rep\u00fablica, Jorge Luis Preciado realiz\u00f3 una segunda fiesta por el D\u00eda de la Candelaria, a la cual estaban invitados los 38 senadores, pero solo asistieron cuatro. De acuerdo a informaci\u00f3n publicada por Reforma, a los festejos por el D\u00eda de la Candelaria s\u00f3lo asistieron los senadores Daniel \u00c1vila, Francisco B\u00farquez, Fernando Herrera y Salvador L\u00f3pez Brito. Cabe se\u00f1alar que el martes pasado, Jorge Luis Preciado realiz\u00f3 una fiesta en la terraza del Senado de la Rep\u00fablica, la cual dijo fue por la celebraci\u00f3n del D\u00eda de la [&hellip;]<\/p>\n","protected":false},"author":2,"featured_media":1009,"comment_status":"open","ping_status":"closed","sticky":false,"template":"","format":"standard","meta":{"footnotes":""},"categories":[12,7],"tags":[],"class_list":["post-1008","post","type-post","status-publish","format-standard","has-post-thumbnail","hentry","category-destacadas","category-nacionales"],"_links":{"self":[{"href":"https:\/\/vadenuez.info\/wp\/wp-json\/wp\/v2\/posts\/1008","targetHints":{"allow":["GET"]}}],"collection":[{"href":"https:\/\/vadenuez.info\/wp\/wp-json\/wp\/v2\/posts"}],"about":[{"href":"https:\/\/vadenuez.info\/wp\/wp-json\/wp\/v2\/types\/post"}],"author":[{"embeddable":true,"href":"https:\/\/vadenuez.info\/wp\/wp-json\/wp\/v2\/users\/2"}],"replies":[{"embeddable":true,"href":"https:\/\/vadenuez.info\/wp\/wp-json\/wp\/v2\/comments?post=1008"}],"version-history":[{"count":0,"href":"https:\/\/vadenuez.info\/wp\/wp-json\/wp\/v2\/posts\/1008\/revisions"}],"wp:featuredmedia":[{"embeddable":true,"href":"https:\/\/vadenuez.info\/wp\/wp-json\/wp\/v2\/media\/1009"}],"wp:attachment":[{"href":"https:\/\/vadenuez.info\/wp\/wp-json\/wp\/v2\/media?parent=1008"}],"wp:term":[{"taxonomy":"category","embeddable":true,"href":"https:\/\/vadenuez.info\/wp\/wp-json\/wp\/v2\/categories?post=1008"},{"taxonomy":"post_tag","embeddable":true,"href":"https:\/\/vadenuez.info\/wp\/wp-json\/wp\/v2\/tags?post=1008"}],"curies":[{"name":"wp","href":"https:\/\/api.w.org\/{rel}","templated":true}]}}